{"id":2249,"date":"2015-04-27T18:15:05","date_gmt":"2015-04-27T17:15:05","guid":{"rendered":"https:\/\/www.wroblewski.krakow.pl\/?p=2249"},"modified":"2015-05-20T22:07:59","modified_gmt":"2015-05-20T21:07:59","slug":"pozegnanie-abiturientow-2015","status":"publish","type":"post","link":"https:\/\/www.wroblewski.krakow.pl\/?p=2249","title":{"rendered":"Po\u017cegnanie Abiturient\u00f3w 2015"},"content":{"rendered":"<p><b><i>&#8222;Czasem nie zaszkodzi, jak si\u0119 nad sob\u0105 zamy\u015blisz. Lepsze to, ni\u017c gdyby\u015b mia\u0142 lekkomy\u015blnie prze\u017cy\u0107 sw\u0105 m\u0142odo\u015b\u0107 i gubi\u0107 wielki skarb, wielki niepowtarzalny skarb, kt\u00f3ry w sobie nosisz, kt\u00f3rym jeste\u015b Ty sam &#8211; ka\u017cdy, ka\u017cda.&#8221;<\/i><\/b> &#8211; tymi <b>s\u0142owami Ojca \u015awi\u0119tego Jana Paw\u0142a II &#8211; po\u017cegnano Abiturient\u00f3w<\/b> podczas uroczysto\u015bci zako\u0144czenia przez nich nauki w IX Liceum Og\u00f3lnokszta\u0142c\u0105cym w Krakowie w dniu 24 kwietnia 2015 r..<\/p>\n<p>Akademia rozpocz\u0119\u0142a si\u0119 ceremoni\u0105 wprowadzenia sztandaru szko\u0142y oraz od\u015bpiewaniem hymnu pa\u0144stwowego wsp\u00f3lnie ze szkolnym ch\u00f3rem pod batut\u0105 Pana mgr in\u017c. Piotra Kmiecika. Nast\u0119pnie osi\u0105gni\u0119cia Abiturient\u00f3w podsumowali Dyrektor szko\u0142y &#8211; Pani mgr Anna Urba\u0144ska i Wicedyrektor Pan mgr Andrzej Migda\u0142.<\/p>\n<p><a href=\"https:\/\/www.wroblewski.krakow.pl\/?gallery=zakonczenie-szkoly-przez-uczniow-klas-iii-24-04-2015-r\">FOTOGALERIA &gt;&gt;&gt; PO\u017bEGNANIE ABITURIENT\u00d3W<\/a><\/p>\n<p>W tym roku a\u017c <b>10 os\u00f3b uko\u0144czy\u0142o IX Liceum z wyr\u00f3\u017cnieniem<\/b>, z kt\u00f3rych a\u017c 6 uczennic uzyska\u0142o \u015bredni\u0105 ocen powy\u017cej 5.00. S\u0105 to Abiturientki:<\/p>\n<p>z klasy 3 a <b>Aleksandra Dubikowska<\/b> &#8211; \u015brednia ocen 5.11 i <b>Roksana Krawczyk<\/b> &#8211; 4.83;<\/p>\n<p>z klasy 3 c <b>Paulina Lipka<\/b> &#8211; 5.18, <b>Zuzanna Flis<\/b> &#8211; 5.00, <b>Kamila Zaborowska<\/b> &#8211; 5.00, <b>Magdalena \u015awiadek<\/b> &#8211; 4.83, <b>Ilona W\u0142odarczyk<\/b> &#8211; 4.78,<\/p>\n<p>z klasy 3d <b>Barbara Hatala<\/b> &#8211; 4.78,<\/p>\n<p>z klasy 3e <b>Alicja G\u0142\u0119bocka<\/b> &#8211; 5.00<\/p>\n<p>i z klasy 3 f <b>El\u017cbieta Kaleta<\/b> &#8211; 5.06.<\/p>\n<p>&nbsp;<\/p>\n<p>Wyr\u00f3\u017cnieni zostali te\u017c uczniowie, kt\u00f3rych <b>frekwencja<\/b> na zaj\u0119ciach szkolnych wynios\u0142a <b>100 %<\/b>: <b>Agnieszka Koj\u0142o<\/b> (3d) przez trzy lata, <b>Micha\u0142 Iciek<\/b> (3b) przez dwa lata, oraz przez ostatni rok szkolny: <b>Kamil Fija\u0142kowski<\/b> (3b), <b>Kinga Maca\u0142ka<\/b> (3d) oraz <b>Sylwia Pora<\/b> (3f).<\/p>\n<p>&nbsp;<\/p>\n<p><b>Nagrody ksi\u0105\u017ckowe<\/b> za dobre wyniki w nauce, aktywno\u015b\u0107 spo\u0142eczn\u0105 lub wysok\u0105 frekwencj\u0119 otrzymali:<\/p>\n<p>z klasy <b>3a<\/b>: Aleksandra Dubikowska, Aleksandra Fus, Roksana Krawczyk, Agnieszka Chuchro i Gabriela Pastuszek<\/p>\n<p>z klasy <b>3b<\/b>: Katarzyna Fija\u0142, Micha\u0142 Iciek, Kamil Fija\u0142kowski i Karol Gofron<\/p>\n<p>z klasy <b>3c<\/b>: Paulina Lipka, Zuzanna Flis, Kamila Zaborowska, Magdalena \u015awiadek i Ilona W\u0142odarczyk<\/p>\n<p>z klasy <b>3d<\/b>: Barbara Hatala, Agnieszka Koj\u0142o, Kinga Maca\u0142ka, Katarzyna Rogozik i Iwona Szlachetka<\/p>\n<p>z klasy <b>3e<\/b>: Karol Bochenek, Filip Cyganik, ALicja G\u0142\u0119bocka, Karolina Sapi\u0144ska i Wiktoria Wiktorska<\/p>\n<p>z klasy <b>3f<\/b>: Monika Bor\u00f3wka, El\u017cbieta Kaleta, Klaudia Kremer, Sylwia Pora, Paulina Stachura i Magdalena Surma.<\/p>\n<p>&nbsp;<\/p>\n<p>Liczn\u0105 grup\u0119 nagrodzonych Abiturient\u00f3w stanowili te\u017c zaanga\u017cowani <b>sportowcy<\/b>:<\/p>\n<p><b>dziewcz\u0119ta<\/b>:<\/p>\n<p>z klasy <b>3c<\/b>: Klaudia Hell, Ilona W\u0142odarczyk, Zuzanna Flis, Paulina Paluch i Marlena Tomal,<\/p>\n<p>z klasy <b>3d<\/b>: Natalia Gil<\/p>\n<p>z klasy <b>3f<\/b>: Natalia Kiebzak, Sylwia Pora, Klaudia Kremer i El\u017cbieta Kaleta<\/p>\n<p>&nbsp;<\/p>\n<p><b>ch\u0142opcy<\/b>:<\/p>\n<p>z klasy <b>3a:<\/b> Kamil Grzyb<\/p>\n<p>z klasy <b>3b<\/b>: Adrian Masny, Hubert Pieni\u0105\u017cek, Maciej Walasek i Krzysztof Dro\u017cd\u017cak<\/p>\n<p>z klasy <b>3c:<\/b> Kamil Bugaj<\/p>\n<p>z klasy <b>3e<\/b>: Dominik Siwek<\/p>\n<p>z klasy <b>3f<\/b>: Robert \u0141atka, Mateusz Tarczy\u0144ski i Daniel Wywia\u0142<\/p>\n<p>&nbsp;<\/p>\n<p>W imieniu spo\u0142eczno\u015bci szkolnej Abiturient\u00f3w po\u017cegnali uczniowie klasy 1a, kt\u00f3rzy razem z polonistk\u0105 Pani\u0105 mgr Zofi\u0105 Miku\u015b przygotowali po\u017cegnalny koncert. W zaadaptowanych przez siebie piosenkach nawi\u0105zali do wra\u017ce\u0144, jakie towarzyszy\u0142y Abiturientom w okresie nauki w IX Liceum: Mateusz Litewka (kl. 2d) za\u015bpiewa\u0142 piosenki &#8222;Bo jeste\u015b Ty&#8230;&#8221; i &#8222;Wa\u017cne s\u0105 tylko te dni, kt\u00f3rych jeszcze nie znamy&#8221;, Ada Nowak (kl. 1a) w duecie z Panem mgr in\u017c. Piotrem Kmiecikiem zaprezentowali utw\u00f3r &#8222;Trudno tak razem by\u0107 nam ze sob\u0105&#8221;, Angelika Ciasto\u0144 (kl. 1a) wykona\u0142a &#8222;Kiedy powiem sobie do\u015b\u0107&#8221;, a Weronika Bor\u00f3wka piosenk\u0119 pt. &#8222;Kasztany&#8221;. Ulubione przez siebie utwory zaprezentowa\u0142 te\u017c zesp\u00f3\u0142 muzyczny z klasy 2e w sk\u0142adzie: Joanna Jajko i Wiktoria Gofron (\u015bpiew), Jakub Filipczyk (gitara), Grzegorz Kwiecka (perkusja) i Marcin Kaczorek (\u015bpiew, gitara basowa). Do wyst\u0119pu zespo\u0142u do\u0142\u0105czy\u0142 tradycyjnie Pan mgr Tomasz G\u0105ssowski z gitar\u0105 basow\u0105. Program artystyczny poprowadzili Karolina Bary\u0142a i Artur Le\u015bniak z klasy 1a. Nad organizacj\u0105 ca\u0142o\u015bci czuwa\u0142a wychowawczyni klasy 1a &#8211; Pani mgr Violetta Winiarska-Szwarczy\u0144ska.<\/p>\n<p>&nbsp;<\/p>\n<p align=\"right\"><i>27.04.2014 r., mgr Aleksandra Pagacz-Pociask<\/i><\/p>\n<p>&nbsp;<\/p>\n<p>&nbsp;<\/p>\n<p>&nbsp;<\/p>\n<p>&nbsp;<\/p>\n","protected":false},"excerpt":{"rendered":"<p>&#8222;Czasem nie zaszkodzi, jak si\u0119 nad sob\u0105 zamy\u015blisz. Lepsze to, ni\u017c gdyby\u015b mia\u0142 lekkomy\u015blnie prze\u017cy\u0107 sw\u0105 m\u0142odo\u015b\u0107 i gubi\u0107 wielki skarb, wielki niepowtarzalny skarb, kt\u00f3ry w sobie nosisz, kt\u00f3rym jeste\u015b Ty sam &#8211; ka\u017cdy, ka\u017cda.&#8221; &#8211; tymi s\u0142owami Ojca \u015awi\u0119tego Jana Paw\u0142a II &#8211; po\u017cegnano Abiturient\u00f3w podczas uroczysto\u015bci zako\u0144czenia przez nich nauki w IX Liceum Og\u00f3lnokszta\u0142c\u0105cym w Krakowie w dniu 24 kwietnia 2015 r.. Akademia rozpocz\u0119\u0142a si\u0119 ceremoni\u0105 wprowadzenia sztandaru szko\u0142y oraz od\u015bpiewaniem hymnu pa\u0144stwowego wsp\u00f3lnie ze szkolnym ch\u00f3rem pod batut\u0105 Pana mgr in\u017c. Piotra Kmiecika. Nast\u0119pnie osi\u0105gni\u0119cia Abiturient\u00f3w podsumowali Dyrektor szko\u0142y &#8211; Pani mgr Anna Urba\u0144ska i Wicedyrektor Pan [&hellip;]<\/p>\n","protected":false},"author":6,"featured_media":2209,"comment_status":"closed","ping_status":"closed","sticky":false,"template":"","format":"standard","meta":[],"categories":[],"tags":[],"_links":{"self":[{"href":"https:\/\/www.wroblewski.krakow.pl\/index.php?rest_route=\/wp\/v2\/posts\/2249"}],"collection":[{"href":"https:\/\/www.wroblewski.krakow.pl\/index.php?rest_route=\/wp\/v2\/posts"}],"about":[{"href":"https:\/\/www.wroblewski.krakow.pl\/index.php?rest_route=\/wp\/v2\/types\/post"}],"author":[{"embeddable":true,"href":"https:\/\/www.wroblewski.krakow.pl\/index.php?rest_route=\/wp\/v2\/users\/6"}],"replies":[{"embeddable":true,"href":"https:\/\/www.wroblewski.krakow.pl\/index.php?rest_route=%2Fwp%2Fv2%2Fcomments&post=2249"}],"version-history":[{"count":8,"href":"https:\/\/www.wroblewski.krakow.pl\/index.php?rest_route=\/wp\/v2\/posts\/2249\/revisions"}],"predecessor-version":[{"id":2357,"href":"https:\/\/www.wroblewski.krakow.pl\/index.php?rest_route=\/wp\/v2\/posts\/2249\/revisions\/2357"}],"wp:featuredmedia":[{"embeddable":true,"href":"https:\/\/www.wroblewski.krakow.pl\/index.php?rest_route=\/wp\/v2\/media\/2209"}],"wp:attachment":[{"href":"https:\/\/www.wroblewski.krakow.pl\/index.php?rest_route=%2Fwp%2Fv2%2Fmedia&parent=2249"}],"wp:term":[{"taxonomy":"category","embeddable":true,"href":"https:\/\/www.wroblewski.krakow.pl\/index.php?rest_route=%2Fwp%2Fv2%2Fcategories&post=2249"},{"taxonomy":"post_tag","embeddable":true,"href":"https:\/\/www.wroblewski.krakow.pl\/index.php?rest_route=%2Fwp%2Fv2%2Ftags&post=2249"}],"curies":[{"name":"wp","href":"https:\/\/api.w.org\/{rel}","templated":true}]}}