{"id":2275,"date":"2015-05-03T23:30:55","date_gmt":"2015-05-03T22:30:55","guid":{"rendered":"https:\/\/www.wroblewski.krakow.pl\/?p=2275"},"modified":"2015-05-06T14:06:33","modified_gmt":"2015-05-06T13:06:33","slug":"swieto-narodowe-trzeciego-maja","status":"publish","type":"post","link":"https:\/\/www.wroblewski.krakow.pl\/?p=2275","title":{"rendered":"\u015awi\u0119to Narodowe Trzeciego Maja"},"content":{"rendered":"<p>W dniu 30 kwietnia 2014 r. odby\u0142y si\u0119 szkolne uroczysto\u015bci patriotyczne upami\u0119tniaj\u0105ce uchwalenie Konstytucji 3 Maja. Akademia rozpocz\u0119\u0142a si\u0119 od ceremonii wprowadzenia sztandaru IX Liceum i od\u015bpiewania hymnu pa\u0144stwowego.<\/p>\n<p>Nast\u0119pnie ch\u00f3r szkolny wykona\u0142 w j\u0119zyku \u0142aci\u0144skim XIII-wieczn\u0105 pie\u015b\u0144 hymniczn\u0105 Gaude mater Polonia, kt\u00f3ra rozpocz\u0119\u0142a spektakl teatralny uczni\u00f3w klasy 1d.\u00a0 Aktorzy prowadzili ze sob\u0105 dialog u\u017cywaj\u0105c staropolskiej polszczyzny oraz za\u0142o\u017cyli stroje nawi\u0105zuj\u0105ce do \u00f3wczesnej mody, dzi\u0119ki czemu przenie\u015bli w nim widz\u00f3w w realia wydarze\u0144 Konstytucji 3 Maja 1791 r.<\/p>\n<p>W spektaklu wyst\u0105pili: Antoni Dzia\u0142owy (marsza\u0142ek koronny), Mateusz Mazela (Potocki), Maciej Koz\u0142owski (Ks. Ko\u0142\u0142\u0105taj), Bart\u0142omiej Gil (kr\u00f3l Stanis\u0142aw Poniatowski), Jakub Gowin, Sebastian Ma\u0142ysza i Mateusz Wawrze\u0144 (pos\u0142owie) oraz Katarzyna Skrzyniowska, Gabriela Bajsarowicz, Natalia \u015awiostek, Szymon Dubiel, Magdalena \u017bemli\u0144ska, Pawe\u0142 Wasilewski, Klaudiusz Ma\u015blanka, Marta Jasi\u0144ska, Monika Psonka (mieszczanie, szlachcice, narratorzy). Mateusz Puzia, Jakub Mr\u00f3z za\u015bpiewali &#8222;Majow\u0105 jutrzenk\u0119&#8221;, do\u0142\u0105czy\u0142 do nich r\u00f3wnie\u017c Mateusz Litewka (kl. 2d), kt\u00f3ry nast\u0119pnie w duecie z Panem mgr in\u017c. Piotrem Kmiecikiem wykonali pie\u015b\u0144 &#8222;\u015awi\u0119ta mi\u0142o\u015bci kochanej Ojczyzny&#8221;. Spektakl wyre\u017cyserowa\u0142a wychowawczyni klasy 1d Pani mgr Katarzyna Rzepka. Utwory muzyczne przygotowa\u0142 z m\u0142odzie\u017c\u0105 Pan mgr in\u017c. Piotr Kmiecik.<\/p>\n<p><a href=\"https:\/\/www.wroblewski.krakow.pl\/?gallery=swieto-narodowe-trzeciego-maja-w-ix-liceum-30-04-2015-r\">FOTOGALERIA<\/a><\/p>\n<p>&nbsp;<\/p>\n<p align=\"right\"><i>03.05.2015 r., mgr Aleksandra Pagacz-Pociask<\/i><\/p>\n","protected":false},"excerpt":{"rendered":"<p>W dniu 30 kwietnia 2014 r. odby\u0142y si\u0119 szkolne uroczysto\u015bci patriotyczne upami\u0119tniaj\u0105ce uchwalenie Konstytucji 3 Maja. Akademia rozpocz\u0119\u0142a si\u0119 od ceremonii wprowadzenia sztandaru IX Liceum i od\u015bpiewania hymnu pa\u0144stwowego. Nast\u0119pnie ch\u00f3r szkolny wykona\u0142 w j\u0119zyku \u0142aci\u0144skim XIII-wieczn\u0105 pie\u015b\u0144 hymniczn\u0105 Gaude mater Polonia, kt\u00f3ra rozpocz\u0119\u0142a spektakl teatralny uczni\u00f3w klasy 1d.\u00a0 Aktorzy prowadzili ze sob\u0105 dialog u\u017cywaj\u0105c staropolskiej polszczyzny oraz za\u0142o\u017cyli stroje nawi\u0105zuj\u0105ce do \u00f3wczesnej mody, dzi\u0119ki czemu przenie\u015bli w nim widz\u00f3w w realia wydarze\u0144 Konstytucji 3 Maja 1791 r. W spektaklu wyst\u0105pili: Antoni Dzia\u0142owy (marsza\u0142ek koronny), Mateusz Mazela (Potocki), Maciej Koz\u0142owski (Ks. Ko\u0142\u0142\u0105taj), Bart\u0142omiej Gil (kr\u00f3l Stanis\u0142aw Poniatowski), Jakub Gowin, Sebastian [&hellip;]<\/p>\n","protected":false},"author":6,"featured_media":2263,"comment_status":"closed","ping_status":"closed","sticky":false,"template":"","format":"standard","meta":[],"categories":[],"tags":[],"_links":{"self":[{"href":"https:\/\/www.wroblewski.krakow.pl\/index.php?rest_route=\/wp\/v2\/posts\/2275"}],"collection":[{"href":"https:\/\/www.wroblewski.krakow.pl\/index.php?rest_route=\/wp\/v2\/posts"}],"about":[{"href":"https:\/\/www.wroblewski.krakow.pl\/index.php?rest_route=\/wp\/v2\/types\/post"}],"author":[{"embeddable":true,"href":"https:\/\/www.wroblewski.krakow.pl\/index.php?rest_route=\/wp\/v2\/users\/6"}],"replies":[{"embeddable":true,"href":"https:\/\/www.wroblewski.krakow.pl\/index.php?rest_route=%2Fwp%2Fv2%2Fcomments&post=2275"}],"version-history":[{"count":5,"href":"https:\/\/www.wroblewski.krakow.pl\/index.php?rest_route=\/wp\/v2\/posts\/2275\/revisions"}],"predecessor-version":[{"id":2302,"href":"https:\/\/www.wroblewski.krakow.pl\/index.php?rest_route=\/wp\/v2\/posts\/2275\/revisions\/2302"}],"wp:featuredmedia":[{"embeddable":true,"href":"https:\/\/www.wroblewski.krakow.pl\/index.php?rest_route=\/wp\/v2\/media\/2263"}],"wp:attachment":[{"href":"https:\/\/www.wroblewski.krakow.pl\/index.php?rest_route=%2Fwp%2Fv2%2Fmedia&parent=2275"}],"wp:term":[{"taxonomy":"category","embeddable":true,"href":"https:\/\/www.wroblewski.krakow.pl\/index.php?rest_route=%2Fwp%2Fv2%2Fcategories&post=2275"},{"taxonomy":"post_tag","embeddable":true,"href":"https:\/\/www.wroblewski.krakow.pl\/index.php?rest_route=%2Fwp%2Fv2%2Ftags&post=2275"}],"curies":[{"name":"wp","href":"https:\/\/api.w.org\/{rel}","templated":true}]}}