{"id":2359,"date":"2015-05-21T16:36:02","date_gmt":"2015-05-21T15:36:02","guid":{"rendered":"https:\/\/www.wroblewski.krakow.pl\/?p=2359"},"modified":"2015-05-21T16:38:33","modified_gmt":"2015-05-21T15:38:33","slug":"zaproszenie-na-wystep-wokalny-uczniow-ix-liceum-na-krowoderskim-pikniku-rodzinnym","status":"publish","type":"post","link":"https:\/\/www.wroblewski.krakow.pl\/?p=2359","title":{"rendered":"Zaproszenie na wyst\u0119p wokalny uczni\u00f3w IX Liceum Og\u00f3lnoszkta\u0142c\u0105cego na 8 Krowoderskim Pikniku Rodzinnym"},"content":{"rendered":"<p>W dniu 23 maja 2015 r. oko\u0142o godz. 13.30 uczniowie IX Liceum Og\u00f3lnokszta\u0142c\u0105cego wyst\u0105pi\u0105 z kr\u00f3tkim programem wokalnym \u201eMa\u0142e San Remo\u201d na 8 Krowoderskim Pikniku Rodzinnym dzielnicy V, kt\u00f3ry odb\u0119dzie si\u0119 w ZSOI nr 1 przy al. Kijowskiej 3. Wyst\u0119p wokalny naszych uczni\u00f3w b\u0119dzie muzycznym odzwierciedleniem wieloletniej wsp\u00f3\u0142pracy IX Liceum z Liceo Scientifico Statale &#8222;Innocenzo XII&#8221; w Anzio, w ramach kt\u00f3rej nasi uczniowie wyje\u017cd\u017caj\u0105 co roku w marcu do W\u0142och i realizuj\u0105 projekt \u201cPami\u0119tajmy o wojnie by \u017cy\u0107 dla pokoju\u201d.<\/p>\n<p>Program artystyczny opracowa\u0142y i uczni\u00f3w do wyst\u0119pu przygotowa\u0142y Pani mgr Ma\u0142gorzata Lisicka-Cebula i Pani mgr Marta Kotnowska &#8211; organizatorki wymian m\u0142odzie\u017cy z W\u0142ochami. W programie przewidziany jest r\u00f3wnie\u017c wyst\u0119p ch\u00f3ru szkolnego pod batut\u0105 Pana mgr. in\u017c. Piotra Kmiecika.<\/p>\n<p>Krowoderski Piknik Rodzinny organizowany jest w tym roku przez spo\u0142eczno\u015b\u0107\u00a0 ZSOI 1 wraz z Komisj\u0105 Kultury, Promocji i Aktywizacji M\u0142odzie\u017cy jako \u015bwi\u0119to dzielnicy V. Tematyka Pikniku &#8211; &#8222;Nasze podr\u00f3\u017ce ma\u0142e i du\u017ce&#8221; &#8211; zwi\u0105zana jest z realizowanymi w tej szkole programami: Comenius i Erasmus+ i wsp\u00f3\u0142prac\u0105 z Instytutem Konfucjusza. Impreza ma integrowa\u0107 spo\u0142eczno\u015b\u0107 lokaln\u0105, dlatego do udzia\u0142u w niej zosta\u0142y zaproszone wszystkie plac\u00f3wki o\u015bwiatowe z Dzielnicy V, w tym IX Liceum.<\/p>\n<p>&nbsp;<\/p>\n<p>Serdecznie zapraszamy w najbli\u017csz\u0105 sobot\u0119 do Zespo\u0142u Szk\u00f3\u0142 nr 1 przy al. Kijowskiej 3 (tzw \u201cszko\u0142a za murem\u201d)<\/p>\n<p align=\"right\"><i>mgr Ma\u0142gorzata Lisicka-Cebula, mgr Marta Kotnowska<\/i><\/p>\n","protected":false},"excerpt":{"rendered":"<p>W dniu 23 maja 2015 r. oko\u0142o godz. 13.30 uczniowie IX Liceum Og\u00f3lnokszta\u0142c\u0105cego wyst\u0105pi\u0105 z kr\u00f3tkim programem wokalnym \u201eMa\u0142e San Remo\u201d na 8 Krowoderskim Pikniku Rodzinnym dzielnicy V, kt\u00f3ry odb\u0119dzie si\u0119 w ZSOI nr 1 przy al. Kijowskiej 3. Wyst\u0119p wokalny naszych uczni\u00f3w b\u0119dzie muzycznym odzwierciedleniem wieloletniej wsp\u00f3\u0142pracy IX Liceum z Liceo Scientifico Statale &#8222;Innocenzo XII&#8221; w Anzio, w ramach kt\u00f3rej nasi uczniowie wyje\u017cd\u017caj\u0105 co roku w marcu do W\u0142och i realizuj\u0105 projekt \u201cPami\u0119tajmy o wojnie by \u017cy\u0107 dla pokoju\u201d. Program artystyczny opracowa\u0142y i uczni\u00f3w do wyst\u0119pu przygotowa\u0142y Pani mgr Ma\u0142gorzata Lisicka-Cebula i Pani mgr Marta Kotnowska &#8211; organizatorki wymian [&hellip;]<\/p>\n","protected":false},"author":6,"featured_media":2360,"comment_status":"closed","ping_status":"closed","sticky":false,"template":"","format":"standard","meta":[],"categories":[],"tags":[],"_links":{"self":[{"href":"https:\/\/www.wroblewski.krakow.pl\/index.php?rest_route=\/wp\/v2\/posts\/2359"}],"collection":[{"href":"https:\/\/www.wroblewski.krakow.pl\/index.php?rest_route=\/wp\/v2\/posts"}],"about":[{"href":"https:\/\/www.wroblewski.krakow.pl\/index.php?rest_route=\/wp\/v2\/types\/post"}],"author":[{"embeddable":true,"href":"https:\/\/www.wroblewski.krakow.pl\/index.php?rest_route=\/wp\/v2\/users\/6"}],"replies":[{"embeddable":true,"href":"https:\/\/www.wroblewski.krakow.pl\/index.php?rest_route=%2Fwp%2Fv2%2Fcomments&post=2359"}],"version-history":[{"count":3,"href":"https:\/\/www.wroblewski.krakow.pl\/index.php?rest_route=\/wp\/v2\/posts\/2359\/revisions"}],"predecessor-version":[{"id":2363,"href":"https:\/\/www.wroblewski.krakow.pl\/index.php?rest_route=\/wp\/v2\/posts\/2359\/revisions\/2363"}],"wp:featuredmedia":[{"embeddable":true,"href":"https:\/\/www.wroblewski.krakow.pl\/index.php?rest_route=\/wp\/v2\/media\/2360"}],"wp:attachment":[{"href":"https:\/\/www.wroblewski.krakow.pl\/index.php?rest_route=%2Fwp%2Fv2%2Fmedia&parent=2359"}],"wp:term":[{"taxonomy":"category","embeddable":true,"href":"https:\/\/www.wroblewski.krakow.pl\/index.php?rest_route=%2Fwp%2Fv2%2Fcategories&post=2359"},{"taxonomy":"post_tag","embeddable":true,"href":"https:\/\/www.wroblewski.krakow.pl\/index.php?rest_route=%2Fwp%2Fv2%2Ftags&post=2359"}],"curies":[{"name":"wp","href":"https:\/\/api.w.org\/{rel}","templated":true}]}}