{"id":2385,"date":"2015-05-30T15:52:03","date_gmt":"2015-05-30T14:52:03","guid":{"rendered":"https:\/\/www.wroblewski.krakow.pl\/?p=2385"},"modified":"2015-06-21T14:48:03","modified_gmt":"2015-06-21T13:48:03","slug":"ii-wewnatrzszkolny-konkurs-jezyka-wloskiego-w-ix-liceum","status":"publish","type":"post","link":"https:\/\/www.wroblewski.krakow.pl\/?p=2385","title":{"rendered":"Drugi Wewn\u0105trzszkolny Konkurs J\u0119zyka W\u0142oskiego w IX Liceum"},"content":{"rendered":"<p>Dnia 3 czerwca o godz. 8.30 odb\u0119dzie si\u0119 po raz drugi Wewn\u0105trzszkolny konkurs j\u0119zyka w\u0142oskiego, w kt\u00f3rym wy\u0142onimy <b>Mistrza j\u0119zyka w\u0142oskiego klas pierwszych<\/b> i <b>Mistrza j\u0119zyka w\u0142oskiego klas drugich<\/b>. Konkurs polega na rozwi\u0105zaniu leksykalno-gramatycznego testu j\u0119zykowego. Zg\u0142oszenia ch\u0119tnych do wzi\u0119cia udzia\u0142u w konkursie przyjmuj\u0105 nauczyciele j\u0119zyka w\u0142oskiego. Termin zg\u0142osze\u0144 up\u0142ywa 2 czerwca. Dla zwyci\u0119zc\u00f3w przewidziane s\u0105 nagrody. Serdecznie zapraszamy<\/p>\n<p align=\"right\"><i>mgr Ma\u0142gorzata B\u0119tkowska, mgr Olga Seneta-Niemiec<\/i><\/p>\n<p>&nbsp;<\/p>\n","protected":false},"excerpt":{"rendered":"<p>Dnia 3 czerwca o godz. 8.30 odb\u0119dzie si\u0119 po raz drugi Wewn\u0105trzszkolny konkurs j\u0119zyka w\u0142oskiego, w kt\u00f3rym wy\u0142onimy Mistrza j\u0119zyka w\u0142oskiego klas pierwszych i Mistrza j\u0119zyka w\u0142oskiego klas drugich. Konkurs polega na rozwi\u0105zaniu leksykalno-gramatycznego testu j\u0119zykowego. Zg\u0142oszenia ch\u0119tnych do wzi\u0119cia udzia\u0142u w konkursie przyjmuj\u0105 nauczyciele j\u0119zyka w\u0142oskiego. Termin zg\u0142osze\u0144 up\u0142ywa 2 czerwca. Dla zwyci\u0119zc\u00f3w przewidziane s\u0105 nagrody. Serdecznie zapraszamy mgr Ma\u0142gorzata B\u0119tkowska, mgr Olga Seneta-Niemiec &nbsp;<\/p>\n","protected":false},"author":6,"featured_media":1791,"comment_status":"closed","ping_status":"closed","sticky":false,"template":"","format":"standard","meta":[],"categories":[],"tags":[],"_links":{"self":[{"href":"https:\/\/www.wroblewski.krakow.pl\/index.php?rest_route=\/wp\/v2\/posts\/2385"}],"collection":[{"href":"https:\/\/www.wroblewski.krakow.pl\/index.php?rest_route=\/wp\/v2\/posts"}],"about":[{"href":"https:\/\/www.wroblewski.krakow.pl\/index.php?rest_route=\/wp\/v2\/types\/post"}],"author":[{"embeddable":true,"href":"https:\/\/www.wroblewski.krakow.pl\/index.php?rest_route=\/wp\/v2\/users\/6"}],"replies":[{"embeddable":true,"href":"https:\/\/www.wroblewski.krakow.pl\/index.php?rest_route=%2Fwp%2Fv2%2Fcomments&post=2385"}],"version-history":[{"count":3,"href":"https:\/\/www.wroblewski.krakow.pl\/index.php?rest_route=\/wp\/v2\/posts\/2385\/revisions"}],"predecessor-version":[{"id":2528,"href":"https:\/\/www.wroblewski.krakow.pl\/index.php?rest_route=\/wp\/v2\/posts\/2385\/revisions\/2528"}],"wp:featuredmedia":[{"embeddable":true,"href":"https:\/\/www.wroblewski.krakow.pl\/index.php?rest_route=\/wp\/v2\/media\/1791"}],"wp:attachment":[{"href":"https:\/\/www.wroblewski.krakow.pl\/index.php?rest_route=%2Fwp%2Fv2%2Fmedia&parent=2385"}],"wp:term":[{"taxonomy":"category","embeddable":true,"href":"https:\/\/www.wroblewski.krakow.pl\/index.php?rest_route=%2Fwp%2Fv2%2Fcategories&post=2385"},{"taxonomy":"post_tag","embeddable":true,"href":"https:\/\/www.wroblewski.krakow.pl\/index.php?rest_route=%2Fwp%2Fv2%2Ftags&post=2385"}],"curies":[{"name":"wp","href":"https:\/\/api.w.org\/{rel}","templated":true}]}}