{"id":2397,"date":"2015-06-01T22:50:05","date_gmt":"2015-06-01T21:50:05","guid":{"rendered":"https:\/\/www.wroblewski.krakow.pl\/?p=2397"},"modified":"2015-06-01T22:50:05","modified_gmt":"2015-06-01T21:50:05","slug":"udzial-uczniow-klasy-1c-w-xv-ogolnopolskim-dniu-owada","status":"publish","type":"post","link":"https:\/\/www.wroblewski.krakow.pl\/?p=2397","title":{"rendered":"Udzia\u0142 uczni\u00f3w klasy 1c w XV Og\u00f3lnopolskim Dniu Owada"},"content":{"rendered":"<p>W dniu 29 maja 2015 r. klasa 1c (biologiczno-chemiczna) wzi\u0119\u0142a udzia\u0142 w XV Og\u00f3lnopolskim Dniu Owada, kt\u00f3ry w tym roku odbywa\u0142 si\u0119 pod has\u0142em: \u201eOwady wok\u00f3\u0142 nas\u201d.<\/p>\n<p>Na Wydziale Biotechnologii i Ogrodnictwa Uniwersytetu Rolniczego uczniowie mogli zobaczy\u0107 kolekcje: owad\u00f3w krajowych (szkodnik\u00f3w, owad\u00f3w wodnych i spo\u0142ecznych), paj\u0119czak\u00f3w egzotycznych (ptasznik\u00f3w, paj\u0105k\u00f3w wy\u017cszych i skorpion\u00f3w) oraz ro\u015blin owado\u017cernych z kolekcji Ogrodu Botanicznego UJ. Liceali\u015bci mieli okazj\u0119 obejrze\u0107 r\u00f3wnie\u017c wystaw\u0119 fotografii entomologicznej i przyrodniczej, a tak\u017ce uzyska\u0107 porady na temat wyst\u0119powania i wykorzystania owad\u00f3w w naszych ogrodach.<\/p>\n<p>Dodatkow\u0105 atrakcj\u0105 by\u0142 kiermasz, na kt\u00f3rym uczniowie mogli zakupi\u0107 produkty pszczele, akcesoria entomologiczne oraz ksi\u0105\u017cki o tematyce entomologicznej, ogrodniczej i og\u00f3lno-przyrodniczej. Dope\u0142nieniem wystawy by\u0142y prelekcje, podczas kt\u00f3rych liceali\u015bci dowiedzieli si\u0119 m.in. jak wygl\u0105da codzienne \u017cycie i zwyczaje owad\u00f3w spo\u0142ecznych, poznali sposoby alternatywnego wykorzystania owad\u00f3w oraz obejrzeli dzie\u0142a artyst\u00f3w zainspirowane owadami.<\/p>\n<p>Wyj\u015bcie uczni\u00f3w na XV Og\u00f3lnopolski Dzie\u0144 Owada zorganizowa\u0142a i opiek\u0119 nad m\u0142odzie\u017c\u0105 pe\u0142ni\u0142a Pani mgr Monika Kuras we wsp\u00f3\u0142pracy z Pani\u0105 mgr Edyt\u0105 Trzepa\u0142kowsk\u0105.<\/p>\n<p align=\"right\"><i>mgr Monika Kuras<\/i><\/p>\n<p>\u00a0<a href=\"https:\/\/www.wroblewski.krakow.pl\/wp-content\/uploads\/2015\/06\/klasa-1c-dzien-owada-152.jpg\"><img decoding=\"async\" loading=\"lazy\" class=\"alignnone  wp-image-2399\" alt=\"klasa 1c dzien owada 152\" src=\"https:\/\/www.wroblewski.krakow.pl\/wp-content\/uploads\/2015\/06\/klasa-1c-dzien-owada-152-300x168.jpg\" width=\"184\" height=\"103\" srcset=\"https:\/\/www.wroblewski.krakow.pl\/wp-content\/uploads\/2015\/06\/klasa-1c-dzien-owada-152-300x168.jpg 300w, https:\/\/www.wroblewski.krakow.pl\/wp-content\/uploads\/2015\/06\/klasa-1c-dzien-owada-152.jpg 1024w\" sizes=\"(max-width: 184px) 100vw, 184px\" \/><\/a> <a href=\"https:\/\/www.wroblewski.krakow.pl\/wp-content\/uploads\/2015\/06\/klasa-1c-dzien-owada-153.jpg\"><img decoding=\"async\" loading=\"lazy\" class=\"alignnone  wp-image-2400\" alt=\"klasa 1c dzien owada 153\" src=\"https:\/\/www.wroblewski.krakow.pl\/wp-content\/uploads\/2015\/06\/klasa-1c-dzien-owada-153-300x168.jpg\" width=\"182\" height=\"102\" srcset=\"https:\/\/www.wroblewski.krakow.pl\/wp-content\/uploads\/2015\/06\/klasa-1c-dzien-owada-153-300x168.jpg 300w, https:\/\/www.wroblewski.krakow.pl\/wp-content\/uploads\/2015\/06\/klasa-1c-dzien-owada-153.jpg 1024w\" sizes=\"(max-width: 182px) 100vw, 182px\" \/><\/a> <a href=\"https:\/\/www.wroblewski.krakow.pl\/wp-content\/uploads\/2015\/06\/klasa-1c-dzien-owada-154.jpg\"><img decoding=\"async\" loading=\"lazy\" class=\"alignnone  wp-image-2401\" alt=\"klasa 1c dzien owada 154\" src=\"https:\/\/www.wroblewski.krakow.pl\/wp-content\/uploads\/2015\/06\/klasa-1c-dzien-owada-154-300x168.jpg\" width=\"179\" height=\"101\" srcset=\"https:\/\/www.wroblewski.krakow.pl\/wp-content\/uploads\/2015\/06\/klasa-1c-dzien-owada-154-300x168.jpg 300w, https:\/\/www.wroblewski.krakow.pl\/wp-content\/uploads\/2015\/06\/klasa-1c-dzien-owada-154.jpg 1024w\" sizes=\"(max-width: 179px) 100vw, 179px\" \/><\/a><\/p>\n","protected":false},"excerpt":{"rendered":"<p>W dniu 29 maja 2015 r. klasa 1c (biologiczno-chemiczna) wzi\u0119\u0142a udzia\u0142 w XV Og\u00f3lnopolskim Dniu Owada, kt\u00f3ry w tym roku odbywa\u0142 si\u0119 pod has\u0142em: \u201eOwady wok\u00f3\u0142 nas\u201d. Na Wydziale Biotechnologii i Ogrodnictwa Uniwersytetu Rolniczego uczniowie mogli zobaczy\u0107 kolekcje: owad\u00f3w krajowych (szkodnik\u00f3w, owad\u00f3w wodnych i spo\u0142ecznych), paj\u0119czak\u00f3w egzotycznych (ptasznik\u00f3w, paj\u0105k\u00f3w wy\u017cszych i skorpion\u00f3w) oraz ro\u015blin owado\u017cernych z kolekcji Ogrodu Botanicznego UJ. Liceali\u015bci mieli okazj\u0119 obejrze\u0107 r\u00f3wnie\u017c wystaw\u0119 fotografii entomologicznej i przyrodniczej, a tak\u017ce uzyska\u0107 porady na temat wyst\u0119powania i wykorzystania owad\u00f3w w naszych ogrodach. Dodatkow\u0105 atrakcj\u0105 by\u0142 kiermasz, na kt\u00f3rym uczniowie mogli zakupi\u0107 produkty pszczele, akcesoria entomologiczne oraz ksi\u0105\u017cki o tematyce [&hellip;]<\/p>\n","protected":false},"author":6,"featured_media":2398,"comment_status":"closed","ping_status":"closed","sticky":false,"template":"","format":"standard","meta":[],"categories":[],"tags":[],"_links":{"self":[{"href":"https:\/\/www.wroblewski.krakow.pl\/index.php?rest_route=\/wp\/v2\/posts\/2397"}],"collection":[{"href":"https:\/\/www.wroblewski.krakow.pl\/index.php?rest_route=\/wp\/v2\/posts"}],"about":[{"href":"https:\/\/www.wroblewski.krakow.pl\/index.php?rest_route=\/wp\/v2\/types\/post"}],"author":[{"embeddable":true,"href":"https:\/\/www.wroblewski.krakow.pl\/index.php?rest_route=\/wp\/v2\/users\/6"}],"replies":[{"embeddable":true,"href":"https:\/\/www.wroblewski.krakow.pl\/index.php?rest_route=%2Fwp%2Fv2%2Fcomments&post=2397"}],"version-history":[{"count":1,"href":"https:\/\/www.wroblewski.krakow.pl\/index.php?rest_route=\/wp\/v2\/posts\/2397\/revisions"}],"predecessor-version":[{"id":2402,"href":"https:\/\/www.wroblewski.krakow.pl\/index.php?rest_route=\/wp\/v2\/posts\/2397\/revisions\/2402"}],"wp:featuredmedia":[{"embeddable":true,"href":"https:\/\/www.wroblewski.krakow.pl\/index.php?rest_route=\/wp\/v2\/media\/2398"}],"wp:attachment":[{"href":"https:\/\/www.wroblewski.krakow.pl\/index.php?rest_route=%2Fwp%2Fv2%2Fmedia&parent=2397"}],"wp:term":[{"taxonomy":"category","embeddable":true,"href":"https:\/\/www.wroblewski.krakow.pl\/index.php?rest_route=%2Fwp%2Fv2%2Fcategories&post=2397"},{"taxonomy":"post_tag","embeddable":true,"href":"https:\/\/www.wroblewski.krakow.pl\/index.php?rest_route=%2Fwp%2Fv2%2Ftags&post=2397"}],"curies":[{"name":"wp","href":"https:\/\/api.w.org\/{rel}","templated":true}]}}