{"id":4287,"date":"2017-01-23T20:43:15","date_gmt":"2017-01-23T19:43:15","guid":{"rendered":"https:\/\/www.wroblewski.krakow.pl\/?p=4287"},"modified":"2017-01-26T20:46:06","modified_gmt":"2017-01-26T19:46:06","slug":"uczniowie-ix-liceum-pamietaja-o-powstancach","status":"publish","type":"post","link":"https:\/\/www.wroblewski.krakow.pl\/?p=4287","title":{"rendered":"Uczniowie IX Liceum pami\u0119taj\u0105 o Powsta\u0144cach"},"content":{"rendered":"<p>W pi\u0105tek 20 stycznia 2017 r. o godz. 12.00 na Cmentarzu Rakowickim w Krakowie przy Grobowcu Weteran\u00f3w Powstania Listopadowego i Styczniowego odby\u0142y si\u0119 obchody 154. rocznicy wybuchu Powstania Styczniowego.<\/p>\n<p>&nbsp;<\/p>\n<p>W obchodach wzi\u0105\u0142 udzia\u0142 poczet sztandarowy naszej szko\u0142y w sk\u0142adzie: <b>Paulina Szumna kl. 2c, Karolina Warayan kl. 2c, Tomasz Koprynia kl. 2c.<\/b><\/p>\n<p><b>\u00a0<\/b><\/p>\n<p>Po przedstawieniu rysu historycznego Powstania Styczniowego przez doktora Konrada Meusa, o. Jerzy Paj\u0105k OFM Cap. poprowadzi\u0142 modlitw\u0119 za dusze tych, kt\u00f3rzy oddali \u017cycie walcz\u0105c o wolno\u015b\u0107 Ojczyzny. Nast\u0119pnie uczniowie krakowskich szk\u00f3\u0142 zapalili znicze, a uczestnicy z\u0142o\u017cyli wie\u0144ce.<\/p>\n<p>&nbsp;<\/p>\n<p>Na zako\u0144czenie obchod\u00f3w tr\u0119bacz wojskowy z Orkiestry Wojskowej w Krakowie odegra\u0142 &#8222;Cisz\u0119&#8221;. By\u0142a to dla nas pi\u0119kna i poruszaj\u0105ca lekcja historii, kt\u00f3ra przypomnia\u0142a nam o tym, \u017ce wielu bohater\u00f3w odda\u0142o swoje \u017cycie, aby\u015bmy teraz mogli \u017cy\u0107 w wolnej Polsce<\/p>\n<p>&nbsp;<\/p>\n<p>Opiek\u0119 nad m\u0142odzie\u017c\u0105 IX Liceum pe\u0142ni\u0142a Pani mgr Ma\u0142gorzata Sikora, nauczyciel religii.<\/p>\n<p>&nbsp;<\/p>\n<p align=\"right\"><i>Krak\u00f3w, 23 stycznia 2017 r., mgr Ma\u0142gorzata Sikora<\/i><\/p>\n<p align=\"right\">\n<p style=\"text-align: left;\" align=\"right\"><a href=\"https:\/\/www.wroblewski.krakow.pl\/wp-content\/uploads\/2017\/01\/rocznica_powst_styczniowego_2017_1.jpg\"><img decoding=\"async\" loading=\"lazy\" width=\"228\" height=\"300\" class=\"alignleft size-medium wp-image-4289\" alt=\"rocznica_powst_styczniowego_2017_1\" src=\"https:\/\/www.wroblewski.krakow.pl\/wp-content\/uploads\/2017\/01\/rocznica_powst_styczniowego_2017_1-228x300.jpg\" srcset=\"https:\/\/www.wroblewski.krakow.pl\/wp-content\/uploads\/2017\/01\/rocznica_powst_styczniowego_2017_1-228x300.jpg 228w, https:\/\/www.wroblewski.krakow.pl\/wp-content\/uploads\/2017\/01\/rocznica_powst_styczniowego_2017_1.jpg 768w\" sizes=\"(max-width: 228px) 100vw, 228px\" \/><\/a><\/p>\n","protected":false},"excerpt":{"rendered":"<p>W pi\u0105tek 20 stycznia 2017 r. o godz. 12.00 na Cmentarzu Rakowickim w Krakowie przy Grobowcu Weteran\u00f3w Powstania Listopadowego i Styczniowego odby\u0142y si\u0119 obchody 154. rocznicy wybuchu Powstania Styczniowego. &nbsp; W obchodach wzi\u0105\u0142 udzia\u0142 poczet sztandarowy naszej szko\u0142y w sk\u0142adzie: Paulina Szumna kl. 2c, Karolina Warayan kl. 2c, Tomasz Koprynia kl. 2c. \u00a0 Po przedstawieniu rysu historycznego Powstania Styczniowego przez doktora Konrada Meusa, o. Jerzy Paj\u0105k OFM Cap. poprowadzi\u0142 modlitw\u0119 za dusze tych, kt\u00f3rzy oddali \u017cycie walcz\u0105c o wolno\u015b\u0107 Ojczyzny. Nast\u0119pnie uczniowie krakowskich szk\u00f3\u0142 zapalili znicze, a uczestnicy z\u0142o\u017cyli wie\u0144ce. &nbsp; Na zako\u0144czenie obchod\u00f3w tr\u0119bacz wojskowy z Orkiestry Wojskowej w [&hellip;]<\/p>\n","protected":false},"author":2,"featured_media":4288,"comment_status":"closed","ping_status":"closed","sticky":false,"template":"","format":"standard","meta":[],"categories":[1],"tags":[],"_links":{"self":[{"href":"https:\/\/www.wroblewski.krakow.pl\/index.php?rest_route=\/wp\/v2\/posts\/4287"}],"collection":[{"href":"https:\/\/www.wroblewski.krakow.pl\/index.php?rest_route=\/wp\/v2\/posts"}],"about":[{"href":"https:\/\/www.wroblewski.krakow.pl\/index.php?rest_route=\/wp\/v2\/types\/post"}],"author":[{"embeddable":true,"href":"https:\/\/www.wroblewski.krakow.pl\/index.php?rest_route=\/wp\/v2\/users\/2"}],"replies":[{"embeddable":true,"href":"https:\/\/www.wroblewski.krakow.pl\/index.php?rest_route=%2Fwp%2Fv2%2Fcomments&post=4287"}],"version-history":[{"count":1,"href":"https:\/\/www.wroblewski.krakow.pl\/index.php?rest_route=\/wp\/v2\/posts\/4287\/revisions"}],"predecessor-version":[{"id":4290,"href":"https:\/\/www.wroblewski.krakow.pl\/index.php?rest_route=\/wp\/v2\/posts\/4287\/revisions\/4290"}],"wp:featuredmedia":[{"embeddable":true,"href":"https:\/\/www.wroblewski.krakow.pl\/index.php?rest_route=\/wp\/v2\/media\/4288"}],"wp:attachment":[{"href":"https:\/\/www.wroblewski.krakow.pl\/index.php?rest_route=%2Fwp%2Fv2%2Fmedia&parent=4287"}],"wp:term":[{"taxonomy":"category","embeddable":true,"href":"https:\/\/www.wroblewski.krakow.pl\/index.php?rest_route=%2Fwp%2Fv2%2Fcategories&post=4287"},{"taxonomy":"post_tag","embeddable":true,"href":"https:\/\/www.wroblewski.krakow.pl\/index.php?rest_route=%2Fwp%2Fv2%2Ftags&post=4287"}],"curies":[{"name":"wp","href":"https:\/\/api.w.org\/{rel}","templated":true}]}}