{"id":4530,"date":"2017-03-29T21:27:23","date_gmt":"2017-03-29T20:27:23","guid":{"rendered":"https:\/\/www.wroblewski.krakow.pl\/?p=4530"},"modified":"2017-03-30T21:41:29","modified_gmt":"2017-03-30T20:41:29","slug":"wymiana-uczniow-ze-szkola-w-anzio-we-wloszech","status":"publish","type":"post","link":"https:\/\/www.wroblewski.krakow.pl\/?p=4530","title":{"rendered":"Wymiana uczni\u00f3w ze szko\u0142\u0105 w Anzio we W\u0142oszech"},"content":{"rendered":"<p>Po raz kolejny organizujemy polsko-w\u0142osk\u0105 wymian\u0119 m\u0142odzie\u017cy w ramach wieloletniej wsp\u00f3\u0142pracy pomi\u0119dzy IX Liceum Og\u00f3lnokszta\u0142c\u0105cym im. Zygmunta Wr\u00f3blewskiego w Krakowie i<i> <\/i>Liceo Scientifico Statale \u201eInnocenzo XII\u201d w Anzio. Projekt tradycyjnie nosi tytu\u0142 <b>\u201ePami\u0119tajmy o wojnie by \u017cy\u0107 dla pokoju\u201d<\/b>.<\/p>\n<p>&nbsp;<\/p>\n<p>Wyje\u017cd\u017camy 1 kwietnia 2017 r. w najbli\u017csz\u0105 sobot\u0119 i wracamy 11 kwietnia we wtorek. Podr\u00f3\u017cowa\u0107 b\u0119dziemy autobusem liniowym Sindbad, wi\u0119c na miejsce dotrzemy troch\u0119 zm\u0119czeni, ale zintegrowani. W \u015brod\u0119 przed \u015awi\u0119tami Wielkanocnymi przyjdziemy do szko\u0142y, mamy nadziej\u0119, \u017ce w komplecie, zadowoleni i wygrzani we w\u0142oskim s\u0142o\u0144cu.<\/p>\n<p>&nbsp;<\/p>\n<p>W wymianie bierze udzia\u0142 17 uczni\u00f3w z IX Liceum i 17 uczni\u00f3w ze szko\u0142y w\u0142oskiej. Program jest podobny do tego z ubieg\u0142ego roku, ale zawiera wi\u0119cej zaj\u0119\u0107 integracyjnych. Pragniemy odda\u0107 ho\u0142d polskim \u017co\u0142nierzom poleg\u0142ym na terenie W\u0142och, od\u015bwie\u017cy\u0107 pami\u0119\u0107 o tragicznych czasach wojny, miejscach i ludziach r\u00f3\u017cnych narodowo\u015bci, nad kt\u00f3rych \u017cyciem zaci\u0105\u017cy\u0142 faszyzm, zapozna\u0107 si\u0119 z historycznymi wydarzeniami II wojny \u015bwiatowej, w szczeg\u00f3lno\u015bci operacji alianckiej Shingle. Chcemy tak\u017ce pozna\u0107 Wieczne Miasto Rzym, Watykan, staro\u017cytne Anzio, Nettuno oraz <strong>Tivoli <\/strong>\u2013jedn\u0105 z najciekawszych miejscowo\u015bci w okolicach Rzymu, s\u0142yn\u0105ca z zabytk\u00f3w staro\u017cytno\u015bci, ogrod\u00f3w i fontann.<strong><\/strong><\/p>\n<p><strong>\u00a0<\/strong><\/p>\n<p><strong>B\u0119dziemy te\u017c obecni na \u015brodowej audiencji generalnej u Papie\u017ca Franciszka, B\u0119dzie to na pewno niezapomniane i g\u0142\u0119bokie prze\u017cycie dla wszystkich. <\/strong><b><\/b><\/p>\n<p>&nbsp;<\/p>\n<p>Zaplanowano r\u00f3wnie\u017c spotkanie z w\u0142adzami miasta Anzio i spo\u0142eczno\u015bci\u0105 goszcz\u0105cej nas szko\u0142y. B\u0119d\u0105 te\u017c zawody sportowe, wsp\u00f3lne ta\u0144ce i \u015bpiewanie. Sp\u0119dzimy r\u00f3wnie\u017c wystarczaj\u0105co du\u017co czasu z rodzinami goszcz\u0105cych nas uczni\u00f3w, aby si\u0119 zaprzyja\u017ani\u0107, wzajemnie pozna\u0107 odmienne obyczaje, kuchni\u0119 i kultur\u0119.<\/p>\n<p>&nbsp;<\/p>\n<p align=\"right\"><i>Krak\u00f3w, 29 marca 2017 r., mgr Ma\u0142gorzata Lisicka-Cebula, mgr <\/i><i>Marta Kotnowska<\/i><\/p>\n<p align=\"right\">\n<p style=\"text-align: left;\" align=\"right\"><a href=\"https:\/\/www.wroblewski.krakow.pl\/wp-content\/uploads\/2017\/03\/DSC_0239.jpg\"><img decoding=\"async\" loading=\"lazy\" class=\"alignleft  wp-image-4534\" alt=\"DSC_0239\" src=\"https:\/\/www.wroblewski.krakow.pl\/wp-content\/uploads\/2017\/03\/DSC_0239-300x207.jpg\" width=\"354\" height=\"244\" srcset=\"https:\/\/www.wroblewski.krakow.pl\/wp-content\/uploads\/2017\/03\/DSC_0239-300x207.jpg 300w, https:\/\/www.wroblewski.krakow.pl\/wp-content\/uploads\/2017\/03\/DSC_0239.jpg 1024w\" sizes=\"(max-width: 354px) 100vw, 354px\" \/><\/a><\/p>\n","protected":false},"excerpt":{"rendered":"<p>Po raz kolejny organizujemy polsko-w\u0142osk\u0105 wymian\u0119 m\u0142odzie\u017cy w ramach wieloletniej wsp\u00f3\u0142pracy pomi\u0119dzy IX Liceum Og\u00f3lnokszta\u0142c\u0105cym im. Zygmunta Wr\u00f3blewskiego w Krakowie i Liceo Scientifico Statale \u201eInnocenzo XII\u201d w Anzio. Projekt tradycyjnie nosi tytu\u0142 \u201ePami\u0119tajmy o wojnie by \u017cy\u0107 dla pokoju\u201d. &nbsp; Wyje\u017cd\u017camy 1 kwietnia 2017 r. w najbli\u017csz\u0105 sobot\u0119 i wracamy 11 kwietnia we wtorek. Podr\u00f3\u017cowa\u0107 b\u0119dziemy autobusem liniowym Sindbad, wi\u0119c na miejsce dotrzemy troch\u0119 zm\u0119czeni, ale zintegrowani. W \u015brod\u0119 przed \u015awi\u0119tami Wielkanocnymi przyjdziemy do szko\u0142y, mamy nadziej\u0119, \u017ce w komplecie, zadowoleni i wygrzani we w\u0142oskim s\u0142o\u0144cu. &nbsp; W wymianie bierze udzia\u0142 17 uczni\u00f3w z IX Liceum i 17 uczni\u00f3w ze [&hellip;]<\/p>\n","protected":false},"author":2,"featured_media":4531,"comment_status":"closed","ping_status":"closed","sticky":false,"template":"","format":"standard","meta":[],"categories":[1],"tags":[],"_links":{"self":[{"href":"https:\/\/www.wroblewski.krakow.pl\/index.php?rest_route=\/wp\/v2\/posts\/4530"}],"collection":[{"href":"https:\/\/www.wroblewski.krakow.pl\/index.php?rest_route=\/wp\/v2\/posts"}],"about":[{"href":"https:\/\/www.wroblewski.krakow.pl\/index.php?rest_route=\/wp\/v2\/types\/post"}],"author":[{"embeddable":true,"href":"https:\/\/www.wroblewski.krakow.pl\/index.php?rest_route=\/wp\/v2\/users\/2"}],"replies":[{"embeddable":true,"href":"https:\/\/www.wroblewski.krakow.pl\/index.php?rest_route=%2Fwp%2Fv2%2Fcomments&post=4530"}],"version-history":[{"count":3,"href":"https:\/\/www.wroblewski.krakow.pl\/index.php?rest_route=\/wp\/v2\/posts\/4530\/revisions"}],"predecessor-version":[{"id":4556,"href":"https:\/\/www.wroblewski.krakow.pl\/index.php?rest_route=\/wp\/v2\/posts\/4530\/revisions\/4556"}],"wp:featuredmedia":[{"embeddable":true,"href":"https:\/\/www.wroblewski.krakow.pl\/index.php?rest_route=\/wp\/v2\/media\/4531"}],"wp:attachment":[{"href":"https:\/\/www.wroblewski.krakow.pl\/index.php?rest_route=%2Fwp%2Fv2%2Fmedia&parent=4530"}],"wp:term":[{"taxonomy":"category","embeddable":true,"href":"https:\/\/www.wroblewski.krakow.pl\/index.php?rest_route=%2Fwp%2Fv2%2Fcategories&post=4530"},{"taxonomy":"post_tag","embeddable":true,"href":"https:\/\/www.wroblewski.krakow.pl\/index.php?rest_route=%2Fwp%2Fv2%2Ftags&post=4530"}],"curies":[{"name":"wp","href":"https:\/\/api.w.org\/{rel}","templated":true}]}}