{"id":5627,"date":"2017-12-22T21:12:07","date_gmt":"2017-12-22T20:12:07","guid":{"rendered":"https:\/\/www.wroblewski.krakow.pl\/?p=5627"},"modified":"2017-12-30T21:33:20","modified_gmt":"2017-12-30T20:33:20","slug":"jaselka-i-szkolne-koledowanie","status":"publish","type":"post","link":"https:\/\/www.wroblewski.krakow.pl\/?p=5627","title":{"rendered":"Jase\u0142ka i szkolne kol\u0119dowanie"},"content":{"rendered":"<p align=\"right\"><i>&#8222;B\u00f3g si\u0119 rodzi, moc truchleje, <\/i><i><\/i><\/p>\n<p align=\"right\"><i>Pan niebios\u00f3w obna\u017cony:<\/i><i><\/i><\/p>\n<p align=\"right\"><i>ogie\u0144 krzepnie, blask ciemnieje, <\/i><i><\/i><\/p>\n<p align=\"right\"><i>ma granice Niesko\u0144czony&#8221;<\/i><i><\/i><\/p>\n<p>Dnia 22 grudnia 2017 roku tradycyjnie odby\u0142a si\u0119 w naszym Liceum Szkolna Wigilia. Najpierw w swoich oddzia\u0142ach uczniowie prze\u0142amali si\u0119 op\u0142atkiem i z\u0142o\u017cyli \u017cyczenia wychowawcom i sobie nawzajem. Po \u017cyczeniach i wsp\u00f3lnym posi\u0142ku wszyscy zebrali si\u0119 w sali gimnastycznej, gdzie <b>klasa 1a<\/b> wystawi\u0142a <b>Jase\u0142ka<\/b> Bo\u017cenarodzeniowe w obsadzie:<\/p>\n<p>Micha\u0142 Archanio\u0142 \u2013 Piotr Nakoniczewski, Sylwia Warchala<\/p>\n<p>Archanio\u0142 Gabriel \u2013 Maciej Zabawa<\/p>\n<p>J\u00f3zef \u2013 Grzegorz Sidorowicz<\/p>\n<p>Maryja \u2013 Anna Piero\u017cak<\/p>\n<p>Melchior \u2013 \u0141ukasz Skalny<\/p>\n<p>Kacper \u2013 Karol Koziara<\/p>\n<p>Baltazar \u2013 Bart\u0142omiej Biel<\/p>\n<p>Herod \u2013 Tomasz Mardy\u0142a<\/p>\n<p>Diabe\u0142 Rokita \u2013 Katarzyna Korzonek<\/p>\n<p>Lucyfer \u2013 Miko\u0142aj Giezga\u0142a<\/p>\n<p>narrator \u2013 Natalia Lis<\/p>\n<p>pasterz Maciek \u2013 Joanna St\u0105por<\/p>\n<p>pasterz Kuba \u2013 Julia Or\u0142owska<\/p>\n<p>ochraniarze Heroda \u2013 Magda Hardy, Patrycja Dyrcz<\/p>\n<p>Wyst\u0119p m\u0142odzie\u017cy przygotowa\u0142a wychowawczyni klasy 1a <strong>Pani mgr Katarzyna Rzepka<\/strong>.<\/p>\n<p>&nbsp;<\/p>\n<p>&nbsp;<\/p>\n<p>W drugiej cz\u0119\u015bci programu wyst\u0105pi\u0142 <b>Ch\u00f3r Szkolny<\/b> <strong>pod batut\u0105 Pana mgr. in\u017c. Piotra Kmiecika.<\/strong> Na solowe wykonanie kol\u0119d zdecydowali si\u0119 uczniowie:<\/p>\n<p><i>O gwiazdo betlejemska<\/i> \u2013 Szymon Wojda\u0142a (1b) i Micha\u0142 Wilczy\u0144ski (2c)<\/p>\n<p><i>Gdy \u015bliczna panna<\/i> \u2013 Maksymilian Kubik, Julia Milcz, Magdalena Zaczyk, Dawid Czowicki (2c)<\/p>\n<p><i>Lulaj\u017ce Jezuniu<\/i> \u2013 Dawid Czowicki, Kacper Orz\u0105da\u0142a i Norbert Kogut (2c), Jadwiga Fryc, Zofia Kielmas i Tomasz Koprynia (3c)<\/p>\n<p><i>Cicha noc <\/i>\u2013 Adriana Igielska, Zofia Starowicz i Maja Czubaj (1b)<\/p>\n<p><i>W \u017c\u0142obie le\u017cy<\/i> \u2013 Agnieszka Sio\u0142a i Krzysztof Krauss (3f)<\/p>\n<p>&nbsp;<\/p>\n<p>Ch\u00f3r Szkolny (uczniowie klas 1b, 2c i 3c) zaprezentowa\u0142 kol\u0119dy: <i>W\u015br\u00f3d nocnej ciszy, Gdy si\u0119 Chrystus rodzi, P\u00f3jd\u017amy wszyscy do stajenki, Dzisiaj w Betlejem, Przybie\u017celi do Betlejem, Tryumfy Kr\u00f3la Niebieskiego, M\u0119drcy \u015bwiata oraz B\u00f3g si\u0119 rodzi<\/i>. \u015awi\u0105teczna atmosfera i dyrygent spowodowali, \u017ce wsp\u00f3lnie z Ch\u00f3rem kol\u0119dy \u015bpiewali wszyscy zebrani.<\/p>\n<p>Na pianinie akompaniowa\u0142 <strong>Pan mgr Szymon Konarski<\/strong>, absolwent Akademii Muzycznej w Katowicach.<\/p>\n<p>&nbsp;<\/p>\n<p>Szkolne kol\u0119dowanie zako\u0144czyli na rockowo Joanna Czak (3e), Jan Michalik (gitara) i Piotr W\u0119glarczyk (2f).<\/p>\n<p>&nbsp;<\/p>\n<p><a href=\"https:\/\/www.wroblewski.krakow.pl\/?gallery=szkolna-wigilia-2017-22-12-2017\">FOTOGALERIA &gt;&gt;&gt;&gt;<\/a><\/p>\n<p>&nbsp;<\/p>\n<p align=\"right\"><i>Krak\u00f3w, 22 grudnia 2017 r., mgr Katarzyna Rzepka, mgr in\u017c. Piotr Kmiecik, mgr Aleksandra Pagacz-Pociask<\/i><\/p>\n","protected":false},"excerpt":{"rendered":"<p>&#8222;B\u00f3g si\u0119 rodzi, moc truchleje, Pan niebios\u00f3w obna\u017cony: ogie\u0144 krzepnie, blask ciemnieje, ma granice Niesko\u0144czony&#8221; Dnia 22 grudnia 2017 roku tradycyjnie odby\u0142a si\u0119 w naszym Liceum Szkolna Wigilia. Najpierw w swoich oddzia\u0142ach uczniowie prze\u0142amali si\u0119 op\u0142atkiem i z\u0142o\u017cyli \u017cyczenia wychowawcom i sobie nawzajem. Po \u017cyczeniach i wsp\u00f3lnym posi\u0142ku wszyscy zebrali si\u0119 w sali gimnastycznej, gdzie klasa 1a wystawi\u0142a Jase\u0142ka Bo\u017cenarodzeniowe w obsadzie: Micha\u0142 Archanio\u0142 \u2013 Piotr Nakoniczewski, Sylwia Warchala Archanio\u0142 Gabriel \u2013 Maciej Zabawa J\u00f3zef \u2013 Grzegorz Sidorowicz Maryja \u2013 Anna Piero\u017cak Melchior \u2013 \u0141ukasz Skalny Kacper \u2013 Karol Koziara Baltazar \u2013 Bart\u0142omiej Biel Herod \u2013 Tomasz Mardy\u0142a Diabe\u0142 Rokita [&hellip;]<\/p>\n","protected":false},"author":2,"featured_media":5601,"comment_status":"closed","ping_status":"closed","sticky":false,"template":"","format":"standard","meta":[],"categories":[1],"tags":[],"_links":{"self":[{"href":"https:\/\/www.wroblewski.krakow.pl\/index.php?rest_route=\/wp\/v2\/posts\/5627"}],"collection":[{"href":"https:\/\/www.wroblewski.krakow.pl\/index.php?rest_route=\/wp\/v2\/posts"}],"about":[{"href":"https:\/\/www.wroblewski.krakow.pl\/index.php?rest_route=\/wp\/v2\/types\/post"}],"author":[{"embeddable":true,"href":"https:\/\/www.wroblewski.krakow.pl\/index.php?rest_route=\/wp\/v2\/users\/2"}],"replies":[{"embeddable":true,"href":"https:\/\/www.wroblewski.krakow.pl\/index.php?rest_route=%2Fwp%2Fv2%2Fcomments&post=5627"}],"version-history":[{"count":6,"href":"https:\/\/www.wroblewski.krakow.pl\/index.php?rest_route=\/wp\/v2\/posts\/5627\/revisions"}],"predecessor-version":[{"id":5633,"href":"https:\/\/www.wroblewski.krakow.pl\/index.php?rest_route=\/wp\/v2\/posts\/5627\/revisions\/5633"}],"wp:featuredmedia":[{"embeddable":true,"href":"https:\/\/www.wroblewski.krakow.pl\/index.php?rest_route=\/wp\/v2\/media\/5601"}],"wp:attachment":[{"href":"https:\/\/www.wroblewski.krakow.pl\/index.php?rest_route=%2Fwp%2Fv2%2Fmedia&parent=5627"}],"wp:term":[{"taxonomy":"category","embeddable":true,"href":"https:\/\/www.wroblewski.krakow.pl\/index.php?rest_route=%2Fwp%2Fv2%2Fcategories&post=5627"},{"taxonomy":"post_tag","embeddable":true,"href":"https:\/\/www.wroblewski.krakow.pl\/index.php?rest_route=%2Fwp%2Fv2%2Ftags&post=5627"}],"curies":[{"name":"wp","href":"https:\/\/api.w.org\/{rel}","templated":true}]}}