{"id":6364,"date":"2018-09-14T20:48:01","date_gmt":"2018-09-14T19:48:01","guid":{"rendered":"https:\/\/www.wroblewski.krakow.pl\/?p=6364"},"modified":"2018-09-16T20:31:29","modified_gmt":"2018-09-16T19:31:29","slug":"dywizjon-303-historia-prawdziwa","status":"publish","type":"post","link":"https:\/\/www.wroblewski.krakow.pl\/?p=6364","title":{"rendered":"Dywizjon 303. Historia prawdziwa\u2026"},"content":{"rendered":"<p style=\"text-align: justify;\"><strong><em>\u201ePoznaj bohater\u00f3w, kt\u00f3rych odwag\u0119 przewy\u017csza\u0142 jedynie ich patriotyzm\u201d<\/em><\/strong><\/p>\n<p style=\"text-align: justify;\">W dniu 14 wrze\u015bnia 2018 roku dyrekcja, nauczyciele i uczniowie naszego Liceum wzi\u0119li udzia\u0142 w projekcji filmu pt. \u201eHistoria prawdziwa. Dywizjon 303\u201d.<\/p>\n<p style=\"text-align: justify;\">Film w re\u017cyserii Denisa Delicia stanowi adaptacj\u0119 powie\u015bci Arkadego Fiedlera \u201eDywizjon 303\u201d. Losy oficer\u00f3w \u2013 Jana Zumbacha, Witolda \u0141okuciewskiego, Leopolda Pamu\u0142y i Witolda Urbanowicza \u2013 ukazane zosta\u0142y z prawdziwie epickim rozmachem, aczkolwiek w zgodzie z prawd\u0105 historyczn\u0105. Zaanga\u017cowanie polskich lotnik\u00f3w zadecydowa\u0142o o zwyci\u0119stwie aliant\u00f3w w walce o Angli\u0119, a legenda polskich as\u00f3w lotnictwa przetrwa\u0142a w \u015bwiadomo\u015bci wielu narod\u00f3w. R\u00f3wnie\u017c dzi\u015b, po latach, warto pami\u0119ta\u0107 o po\u015bwi\u0119ceniu i bohaterstwie naszych pilot\u00f3w.<\/p>\n<p style=\"text-align: justify;\">Opinie uczni\u00f3w opuszczaj\u0105cych kino &#8222;Kij\u00f3w&#8221; potwierdzaj\u0105, \u017ce film trafia do m\u0142odych odbiorc\u00f3w. Stanowi on pierwszy etap polonistyczno-historycznego projektu maj\u0105cego na celu propagowanie wiedzy historycznej i postaw patriotycznych uczni\u00f3w. Projekt wpisuje si\u0119 w obchody 100 Rocznicy Odzyskania Niepodleg\u0142o\u015bci przez Polsk\u0119.<\/p>\n<p style=\"text-align: justify;\">Wyj\u015bcie uczni\u00f3w i nauczycieli na film pt. &#8222;Dywizjon 303. Historia prawdziwa&#8221; zorganizowa\u0142a Pani mgr Anna S\u0142owikowska-Bogacka.<\/p>\n<p style=\"text-align: justify;\">Zapraszamy do kina ju\u017c w pa\u017adzierniku na projekcj\u0119 filmu \u201eBitwa o Angli\u0119\u201d!<\/p>\n<p style=\"text-align: right;\"><em>Krak\u00f3w, 14 wrze\u015bnia 2018 r., Ma\u0142gorzata Nowakowska-Murzyn,<\/em><br \/>\n<em> Edyta S\u0142awska, Anna S\u0142owikowska-Bogacka<\/em><\/p>\n<p style=\"text-align: right;\">\n<p style=\"text-align: left;\"><a href=\"https:\/\/www.wroblewski.krakow.pl\/wp-content\/uploads\/2018\/09\/dywizjon_303_1.jpg\"><img decoding=\"async\" loading=\"lazy\" class=\"alignleft  wp-image-6382\" alt=\"dywizjon_303_1\" src=\"https:\/\/www.wroblewski.krakow.pl\/wp-content\/uploads\/2018\/09\/dywizjon_303_1-300x200.jpg\" width=\"225\" height=\"150\" srcset=\"https:\/\/www.wroblewski.krakow.pl\/wp-content\/uploads\/2018\/09\/dywizjon_303_1-300x200.jpg 300w, https:\/\/www.wroblewski.krakow.pl\/wp-content\/uploads\/2018\/09\/dywizjon_303_1.jpg 1024w\" sizes=\"(max-width: 225px) 100vw, 225px\" \/><\/a> <a href=\"https:\/\/www.wroblewski.krakow.pl\/wp-content\/uploads\/2018\/09\/dywizjon_303_2.jpg\"><img decoding=\"async\" loading=\"lazy\" class=\"alignleft  wp-image-6383\" alt=\"dywizjon_303_2\" src=\"https:\/\/www.wroblewski.krakow.pl\/wp-content\/uploads\/2018\/09\/dywizjon_303_2-300x199.jpg\" width=\"228\" height=\"151\" srcset=\"https:\/\/www.wroblewski.krakow.pl\/wp-content\/uploads\/2018\/09\/dywizjon_303_2-300x199.jpg 300w, https:\/\/www.wroblewski.krakow.pl\/wp-content\/uploads\/2018\/09\/dywizjon_303_2.jpg 1024w\" sizes=\"(max-width: 228px) 100vw, 228px\" \/><\/a> <a href=\"https:\/\/www.wroblewski.krakow.pl\/wp-content\/uploads\/2018\/09\/dywizjon_303_3.jpg\"><img decoding=\"async\" loading=\"lazy\" class=\"alignleft  wp-image-6384\" alt=\"dywizjon_303_3\" src=\"https:\/\/www.wroblewski.krakow.pl\/wp-content\/uploads\/2018\/09\/dywizjon_303_3-300x200.jpg\" width=\"227\" height=\"151\" srcset=\"https:\/\/www.wroblewski.krakow.pl\/wp-content\/uploads\/2018\/09\/dywizjon_303_3-300x200.jpg 300w, https:\/\/www.wroblewski.krakow.pl\/wp-content\/uploads\/2018\/09\/dywizjon_303_3.jpg 1024w\" sizes=\"(max-width: 227px) 100vw, 227px\" \/><\/a> <a href=\"https:\/\/www.wroblewski.krakow.pl\/wp-content\/uploads\/2018\/09\/dywizjon_303_4.jpg\"><img decoding=\"async\" loading=\"lazy\" class=\"alignleft  wp-image-6385\" alt=\"dywizjon_303_4\" src=\"https:\/\/www.wroblewski.krakow.pl\/wp-content\/uploads\/2018\/09\/dywizjon_303_4-300x199.jpg\" width=\"225\" height=\"151\" \/><\/a><\/p>\n","protected":false},"excerpt":{"rendered":"<p>\u201ePoznaj bohater\u00f3w, kt\u00f3rych odwag\u0119 przewy\u017csza\u0142 jedynie ich patriotyzm\u201d W dniu 14 wrze\u015bnia 2018 roku dyrekcja, nauczyciele i uczniowie naszego Liceum wzi\u0119li udzia\u0142 w projekcji filmu pt. \u201eHistoria prawdziwa. Dywizjon 303\u201d. Film w re\u017cyserii Denisa Delicia stanowi adaptacj\u0119 powie\u015bci Arkadego Fiedlera \u201eDywizjon 303\u201d. Losy oficer\u00f3w \u2013 Jana Zumbacha, Witolda \u0141okuciewskiego, Leopolda Pamu\u0142y i Witolda Urbanowicza \u2013 ukazane zosta\u0142y z prawdziwie epickim rozmachem, aczkolwiek w zgodzie z prawd\u0105 historyczn\u0105. Zaanga\u017cowanie polskich lotnik\u00f3w zadecydowa\u0142o o zwyci\u0119stwie aliant\u00f3w w walce o Angli\u0119, a legenda polskich as\u00f3w lotnictwa przetrwa\u0142a w \u015bwiadomo\u015bci wielu narod\u00f3w. R\u00f3wnie\u017c dzi\u015b, po latach, warto pami\u0119ta\u0107 o po\u015bwi\u0119ceniu i bohaterstwie naszych pilot\u00f3w. [&hellip;]<\/p>\n","protected":false},"author":2,"featured_media":6366,"comment_status":"closed","ping_status":"closed","sticky":false,"template":"","format":"standard","meta":[],"categories":[1],"tags":[],"_links":{"self":[{"href":"https:\/\/www.wroblewski.krakow.pl\/index.php?rest_route=\/wp\/v2\/posts\/6364"}],"collection":[{"href":"https:\/\/www.wroblewski.krakow.pl\/index.php?rest_route=\/wp\/v2\/posts"}],"about":[{"href":"https:\/\/www.wroblewski.krakow.pl\/index.php?rest_route=\/wp\/v2\/types\/post"}],"author":[{"embeddable":true,"href":"https:\/\/www.wroblewski.krakow.pl\/index.php?rest_route=\/wp\/v2\/users\/2"}],"replies":[{"embeddable":true,"href":"https:\/\/www.wroblewski.krakow.pl\/index.php?rest_route=%2Fwp%2Fv2%2Fcomments&post=6364"}],"version-history":[{"count":7,"href":"https:\/\/www.wroblewski.krakow.pl\/index.php?rest_route=\/wp\/v2\/posts\/6364\/revisions"}],"predecessor-version":[{"id":6386,"href":"https:\/\/www.wroblewski.krakow.pl\/index.php?rest_route=\/wp\/v2\/posts\/6364\/revisions\/6386"}],"wp:featuredmedia":[{"embeddable":true,"href":"https:\/\/www.wroblewski.krakow.pl\/index.php?rest_route=\/wp\/v2\/media\/6366"}],"wp:attachment":[{"href":"https:\/\/www.wroblewski.krakow.pl\/index.php?rest_route=%2Fwp%2Fv2%2Fmedia&parent=6364"}],"wp:term":[{"taxonomy":"category","embeddable":true,"href":"https:\/\/www.wroblewski.krakow.pl\/index.php?rest_route=%2Fwp%2Fv2%2Fcategories&post=6364"},{"taxonomy":"post_tag","embeddable":true,"href":"https:\/\/www.wroblewski.krakow.pl\/index.php?rest_route=%2Fwp%2Fv2%2Ftags&post=6364"}],"curies":[{"name":"wp","href":"https:\/\/api.w.org\/{rel}","templated":true}]}}