{"id":6870,"date":"2018-11-08T22:19:16","date_gmt":"2018-11-08T21:19:16","guid":{"rendered":"https:\/\/www.wroblewski.krakow.pl\/?p=6870"},"modified":"2018-11-20T21:56:29","modified_gmt":"2018-11-20T20:56:29","slug":"obchody-100-rocznicy-odzyskania-przez-polske-niepodleglosci","status":"publish","type":"post","link":"https:\/\/www.wroblewski.krakow.pl\/?p=6870","title":{"rendered":"Obchody 100. rocznicy odzyskania przez Polsk\u0119 niepodleg\u0142o\u015bci w IX Liceum"},"content":{"rendered":"<p>Na prze\u0142omie pa\u017adziernika i listopada br. <b>nauczyciele historii<\/b> zaprosili m\u0142odzie\u017c IX Liceum do wsp\u00f3lnego \u015bwi\u0119towania 100. Rocznicy Odzyskania przez Polsk\u0119 Niepodleg\u0142o\u015bci. Uczniowie mogli uczestniczy\u0107 w:<\/p>\n<ul>\n<li>Konkursie Historycznym <i>Droga Polski do niepodleg\u0142o\u015bci<\/i>,<\/li>\n<li>Konkursie na Prezentacj\u0119 Multimedialn\u0105 na wybrany temat z zakresu <i>Polska w latach 1918-1939, polityka, gospodarka, kultura<\/i>,<\/li>\n<li>Konkursie na naj\u0142adniejsz\u0105, nawi\u0105zuj\u0105c\u0105 do rocznicy, dekoracj\u0119 sali lekcyjnej,<\/li>\n<li>Uroczystej Akademii (kt\u00f3ra odby\u0142a si\u0119 08.11.2018 r.),<\/li>\n<li>Wsp\u00f3lnym Wykonaniu Hymnu Pa\u0144stwowego 09.11.o godz.11.11 w ramach og\u00f3lnopolskiej akcji <i>Niepodleg\u0142a do hymnu<\/i>.<\/li>\n<\/ul>\n<p>Wymienione inicjatywy spotka\u0142y si\u0119 z du\u017cym zainteresowaniem uczni\u00f3w, kt\u00f3rzy wykazali si\u0119 wiedz\u0105, pomys\u0142owo\u015bci\u0105 i artystyczn\u0105 tw\u00f3rczo\u015bci\u0105. Dekoracj\u0119 sal lekcyjnych ocenia\u0142a specjalnie powo\u0142ana komisja, w sk\u0142ad kt\u00f3rej wesz\u0142y: <b>Pani Dyrektor mgr Aleksandra Pagacz-Pociask<\/b>, <b>Pani mgr Jolanta Gurtat<\/b>, <b>Pani mgr Magdalena Poparda<\/b>, <b>Pani mgr Teresa Kasprzyk<\/b> oraz przedstawicielka Samorz\u0105du Uczniowskiego \u2013 <b>Gabriela Maj<\/b>, <b>uczennica kl. 3f<\/b>.<\/p>\n<p>Poni\u017cej prezentujemy list\u0119 nagrodzonych uczni\u00f3w:<\/p>\n<p>Konkurs Historyczny:<br \/>\nI miejsce \u2013 <b>Aleksander Skrobot<\/b> z kl. 1e<br \/>\nII miejsce \u2013 <b>Eryk N\u0119cek<\/b> z kl. 3a<br \/>\nIII miejsce \u2013 <b>Wojciech Ko\u015bcielniak<\/b> z kl. 2e oraz <b>Micha\u0142 Morek<\/b> z kl. 3e<\/p>\n<p>Konkurs na Prezentacj\u0119 Multimedialn\u0105:<br \/>\nI miejsce \u2013 <b>Joanna Koczu\u0142ap<\/b> z kl. 1b<br \/>\nII miejsce \u2013 <b>Maja Koczur<\/b> z kl. 1b<\/p>\n<p>Konkurs <i>Dekoracja sali lekcyjnej<\/i>:<br \/>\nI miejsce \u2013 <b>klasa 1d<\/b><br \/>\nII miejsce \u2013 <b>klasa 1c<\/b> oraz\u00a0 <b>klasa 3f<\/b><br \/>\nIII miejsce \u2013 <b>klasa 3c<\/b><\/p>\n<p style=\"text-align: left;\" align=\"right\">Dzi\u0119kujemy uczniom za zaanga\u017cowanie i gor\u0105co gratulujemy wszystkim laureatom!<\/p>\n<p align=\"right\"><i>Krak\u00f3w, 07.11.2018 r., mgr Marta Kokoszka, mgr Ma\u0142gorzata Nowakowska-Murzyn, mgr Jolanta Gurtat<\/i><\/p>\n","protected":false},"excerpt":{"rendered":"<p>Na prze\u0142omie pa\u017adziernika i listopada br. nauczyciele historii zaprosili m\u0142odzie\u017c IX Liceum do wsp\u00f3lnego \u015bwi\u0119towania 100. Rocznicy Odzyskania przez Polsk\u0119 Niepodleg\u0142o\u015bci. Uczniowie mogli uczestniczy\u0107 w: Konkursie Historycznym Droga Polski do niepodleg\u0142o\u015bci, Konkursie na Prezentacj\u0119 Multimedialn\u0105 na wybrany temat z zakresu Polska w latach 1918-1939, polityka, gospodarka, kultura, Konkursie na naj\u0142adniejsz\u0105, nawi\u0105zuj\u0105c\u0105 do rocznicy, dekoracj\u0119 sali lekcyjnej, Uroczystej Akademii (kt\u00f3ra odby\u0142a si\u0119 08.11.2018 r.), Wsp\u00f3lnym Wykonaniu Hymnu Pa\u0144stwowego 09.11.o godz.11.11 w ramach og\u00f3lnopolskiej akcji Niepodleg\u0142a do hymnu. Wymienione inicjatywy spotka\u0142y si\u0119 z du\u017cym zainteresowaniem uczni\u00f3w, kt\u00f3rzy wykazali si\u0119 wiedz\u0105, pomys\u0142owo\u015bci\u0105 i artystyczn\u0105 tw\u00f3rczo\u015bci\u0105. Dekoracj\u0119 sal lekcyjnych ocenia\u0142a specjalnie powo\u0142ana komisja, w [&hellip;]<\/p>\n","protected":false},"author":2,"featured_media":6871,"comment_status":"closed","ping_status":"closed","sticky":false,"template":"","format":"standard","meta":[],"categories":[1],"tags":[],"_links":{"self":[{"href":"https:\/\/www.wroblewski.krakow.pl\/index.php?rest_route=\/wp\/v2\/posts\/6870"}],"collection":[{"href":"https:\/\/www.wroblewski.krakow.pl\/index.php?rest_route=\/wp\/v2\/posts"}],"about":[{"href":"https:\/\/www.wroblewski.krakow.pl\/index.php?rest_route=\/wp\/v2\/types\/post"}],"author":[{"embeddable":true,"href":"https:\/\/www.wroblewski.krakow.pl\/index.php?rest_route=\/wp\/v2\/users\/2"}],"replies":[{"embeddable":true,"href":"https:\/\/www.wroblewski.krakow.pl\/index.php?rest_route=%2Fwp%2Fv2%2Fcomments&post=6870"}],"version-history":[{"count":3,"href":"https:\/\/www.wroblewski.krakow.pl\/index.php?rest_route=\/wp\/v2\/posts\/6870\/revisions"}],"predecessor-version":[{"id":7054,"href":"https:\/\/www.wroblewski.krakow.pl\/index.php?rest_route=\/wp\/v2\/posts\/6870\/revisions\/7054"}],"wp:featuredmedia":[{"embeddable":true,"href":"https:\/\/www.wroblewski.krakow.pl\/index.php?rest_route=\/wp\/v2\/media\/6871"}],"wp:attachment":[{"href":"https:\/\/www.wroblewski.krakow.pl\/index.php?rest_route=%2Fwp%2Fv2%2Fmedia&parent=6870"}],"wp:term":[{"taxonomy":"category","embeddable":true,"href":"https:\/\/www.wroblewski.krakow.pl\/index.php?rest_route=%2Fwp%2Fv2%2Fcategories&post=6870"},{"taxonomy":"post_tag","embeddable":true,"href":"https:\/\/www.wroblewski.krakow.pl\/index.php?rest_route=%2Fwp%2Fv2%2Ftags&post=6870"}],"curies":[{"name":"wp","href":"https:\/\/api.w.org\/{rel}","templated":true}]}}