{"id":6941,"date":"2018-11-10T21:34:29","date_gmt":"2018-11-10T20:34:29","guid":{"rendered":"https:\/\/www.wroblewski.krakow.pl\/?p=6941"},"modified":"2018-11-12T15:52:52","modified_gmt":"2018-11-12T14:52:52","slug":"udzial-ix-liceum-ogolnoksztalcacego-w-dzielnicowych-obchodach-100-rocznicy-odzyskania-przez-polske-niepodleglosci","status":"publish","type":"post","link":"https:\/\/www.wroblewski.krakow.pl\/?p=6941","title":{"rendered":"Udzia\u0142 IX Liceum Og\u00f3lnokszta\u0142c\u0105cego w dzielnicowych obchodach 100. rocznicy odzyskania przez Polsk\u0119 niepodleg\u0142o\u015bci"},"content":{"rendered":"<p>W dniu 9 listopada 2018 roku przedstawiciele IX Liceum wzi\u0119li udzia\u0142 w dzielnicowych obchodach 100. rocznicy odzyskania przez Polsk\u0119 niepodleg\u0142o\u015bci, zorganizowanych w M\u0142odzie\u017cowym Domu Kultury (Domu Harcerza) mieszcz\u0105cym si\u0119 przy ulicy Reymonta 18, w Krakowie.<\/p>\n<p>Podczas uroczysto\u015bci nasz\u0105 szko\u0142\u0119 reprezentowa\u0142 poczet sztandarowy w sk\u0142adzie:<b> Norbert \u015awi\u0105tko<\/b>, <b>Angelika Maciejowska i<\/b> <b>Klaudia Kozera<\/b>. Za muzyczn\u0105 opraw\u0119 przedsi\u0119wzi\u0119cia odpowiedzialny by\u0142 <strong>Ch\u00f3r Szkolny<\/strong> pod opiek\u0105 <strong>Pana mgr. in\u017c. Piotra Kmiecika<\/strong>, przy akompaniamencie <b>Pana mgr. Tomasza Soczka<\/b>. W ramach cz\u0119\u015bci artystyczno-wokalnej, zgodnie z za\u0142o\u017ceniami akcji <i>Rekord dla Niepodleg\u0142ej,<\/i> Ch\u00f3r Szkolny IX Liceum poprowadzi\u0142 wsp\u00f3lne od\u015bpiewanie Hymnu Pa\u0144stwowego przez uczestnik\u00f3w uroczysto\u015bci.\u00a0 W dalszej cz\u0119\u015bci odby\u0142 si\u0119 koncert, podczas kt\u00f3rego przedstawiciele ch\u00f3ru pod batut\u0105 Pana mgr in\u017c. Piotra Kmiecika za\u015bpiewali wybrane pie\u015bni o charakterze patriotycznym tj. <i>Rot\u0119<\/i>, <i>Gaude Mater Polonia<\/i>, <i>Pierwsz\u0105<\/i> <i>Brygad\u0119<\/i>, <i>Legiony<\/i>, <i>Bia\u0142e R\u00f3\u017ce<\/i>. Wyst\u0119p muzyczny naszego Ch\u00f3ru u\u015bwietni\u0142 obchody niepodleg\u0142o\u015bciowe i przyczyni\u0142 si\u0119 do zwi\u0119kszenia \u015bwiadomo\u015bci patriotycznej w\u015br\u00f3d m\u0142odych ludzi. Zebrani na Gali Niepodleg\u0142o\u015bciowej przedstawiciele Rady Dzielnicy Krowodrza, Kuratorium O\u015bwiaty w Krakowie a tak\u017ce inni zgromadzeni go\u015bcie zgodnie przyznali, \u017ce Ch\u00f3r IX Liceum Og\u00f3lnokszta\u0142c\u0105cego staje si\u0119 \u201ewizyt\u00f3wk\u0105\u201d nie tylko szko\u0142y, lecz tak\u017ce ca\u0142ej Dzielnicy. Opiek\u0119 nad uczniami podczas wyj\u015bcia pe\u0142nili: Pani mgr Anna Cisowska, Pan mgr in\u017c. Piotr Kmiecik oraz Pani mgr Paulina W\u00f3jtowicz.<\/p>\n<p>Podczas uroczysto\u015bci podsumowano tak\u017ce konkursy dzielnicowe, organizowane\u00a0 z okazji 100. rocznicy odzyskania niepodleg\u0142o\u015bci przez Polsk\u0119. Nagrody i gratulacje otrzyma\u0142y uczennice naszej szko\u0142y w dw\u00f3ch kategoriach \u2013 w konkursie recytatorskim (<b>Wiktoria Grabowska<\/b>, kl. 3c za zaj\u0119cie pierwszego miejsca, <b>Julianna W\u00f3jcik<\/b>, kl. 2e za zaj\u0119cie drugiego miejsca) oraz w konkursie literackim (<b>Gabriela Porwisz<\/b>, kl. 2e, miejsce pierwsze, <b>Natalia Soboci\u0144ska<\/b>, kl. 3f miejsce drugie oraz <b>Ewa Socha\u0144<\/b>, kl.2e, miejsce trzecie).<\/p>\n<p>Uroczyste obchody pozwoli\u0142y ponownie doceni\u0107 starania naszych przodk\u00f3w, kt\u00f3rzy uznawali, \u017ce \u201eniepodleg\u0142o\u015b\u0107 jest dobrem nie tylko cennym, ale bardzo kosztownym\u201d (J\u00f3zef Pi\u0142sudski).<\/p>\n<p align=\"right\"><i>Krak\u00f3w, 10.11.2018 r., mgr Paulina W\u00f3jtowicz<\/i><\/p>\n<p style=\"text-align: left;\" align=\"right\"><a href=\"https:\/\/www.wroblewski.krakow.pl\/wp-content\/uploads\/2018\/11\/obchody_dzielnicowe_11_list_2018_02.jpg\"><img decoding=\"async\" loading=\"lazy\" width=\"300\" height=\"200\" class=\"alignleft size-medium wp-image-6957\" alt=\"obchody_dzielnicowe_11_list_2018_02\" src=\"https:\/\/www.wroblewski.krakow.pl\/wp-content\/uploads\/2018\/11\/obchody_dzielnicowe_11_list_2018_02-300x200.jpg\" srcset=\"https:\/\/www.wroblewski.krakow.pl\/wp-content\/uploads\/2018\/11\/obchody_dzielnicowe_11_list_2018_02-300x200.jpg 300w, https:\/\/www.wroblewski.krakow.pl\/wp-content\/uploads\/2018\/11\/obchody_dzielnicowe_11_list_2018_02.jpg 1024w\" sizes=\"(max-width: 300px) 100vw, 300px\" \/><\/a> <a href=\"https:\/\/www.wroblewski.krakow.pl\/wp-content\/uploads\/2018\/11\/obchody_dzielnicowe_11_list_2018_03.jpg\"><img decoding=\"async\" loading=\"lazy\" width=\"300\" height=\"200\" class=\"alignleft size-medium wp-image-6958\" alt=\"obchody_dzielnicowe_11_list_2018_03\" src=\"https:\/\/www.wroblewski.krakow.pl\/wp-content\/uploads\/2018\/11\/obchody_dzielnicowe_11_list_2018_03-300x200.jpg\" srcset=\"https:\/\/www.wroblewski.krakow.pl\/wp-content\/uploads\/2018\/11\/obchody_dzielnicowe_11_list_2018_03-300x200.jpg 300w, https:\/\/www.wroblewski.krakow.pl\/wp-content\/uploads\/2018\/11\/obchody_dzielnicowe_11_list_2018_03.jpg 1024w\" sizes=\"(max-width: 300px) 100vw, 300px\" \/><\/a> <a href=\"https:\/\/www.wroblewski.krakow.pl\/wp-content\/uploads\/2018\/11\/obchody_dzielnicowe_11_list_2018_04.jpg\"><img decoding=\"async\" loading=\"lazy\" width=\"300\" height=\"200\" class=\"alignleft size-medium wp-image-6959\" alt=\"obchody_dzielnicowe_11_list_2018_04\" src=\"https:\/\/www.wroblewski.krakow.pl\/wp-content\/uploads\/2018\/11\/obchody_dzielnicowe_11_list_2018_04-300x200.jpg\" srcset=\"https:\/\/www.wroblewski.krakow.pl\/wp-content\/uploads\/2018\/11\/obchody_dzielnicowe_11_list_2018_04-300x200.jpg 300w, https:\/\/www.wroblewski.krakow.pl\/wp-content\/uploads\/2018\/11\/obchody_dzielnicowe_11_list_2018_04.jpg 1024w\" sizes=\"(max-width: 300px) 100vw, 300px\" \/><\/a><a href=\"https:\/\/www.wroblewski.krakow.pl\/wp-content\/uploads\/2018\/11\/obchody_dzielnicowe_11_list_2018_10.jpg\"><img decoding=\"async\" loading=\"lazy\" width=\"300\" height=\"199\" class=\"alignleft size-medium wp-image-6960\" alt=\"obchody_dzielnicowe_11_list_2018_10\" src=\"https:\/\/www.wroblewski.krakow.pl\/wp-content\/uploads\/2018\/11\/obchody_dzielnicowe_11_list_2018_10-300x199.jpg\" srcset=\"https:\/\/www.wroblewski.krakow.pl\/wp-content\/uploads\/2018\/11\/obchody_dzielnicowe_11_list_2018_10-300x199.jpg 300w, https:\/\/www.wroblewski.krakow.pl\/wp-content\/uploads\/2018\/11\/obchody_dzielnicowe_11_list_2018_10.jpg 1024w\" sizes=\"(max-width: 300px) 100vw, 300px\" \/><\/a><\/p>\n","protected":false},"excerpt":{"rendered":"<p>W dniu 9 listopada 2018 roku przedstawiciele IX Liceum wzi\u0119li udzia\u0142 w dzielnicowych obchodach 100. rocznicy odzyskania przez Polsk\u0119 niepodleg\u0142o\u015bci, zorganizowanych w M\u0142odzie\u017cowym Domu Kultury (Domu Harcerza) mieszcz\u0105cym si\u0119 przy ulicy Reymonta 18, w Krakowie. Podczas uroczysto\u015bci nasz\u0105 szko\u0142\u0119 reprezentowa\u0142 poczet sztandarowy w sk\u0142adzie: Norbert \u015awi\u0105tko, Angelika Maciejowska i Klaudia Kozera. Za muzyczn\u0105 opraw\u0119 przedsi\u0119wzi\u0119cia odpowiedzialny by\u0142 Ch\u00f3r Szkolny pod opiek\u0105 Pana mgr. in\u017c. Piotra Kmiecika, przy akompaniamencie Pana mgr. Tomasza Soczka. W ramach cz\u0119\u015bci artystyczno-wokalnej, zgodnie z za\u0142o\u017ceniami akcji Rekord dla Niepodleg\u0142ej, Ch\u00f3r Szkolny IX Liceum poprowadzi\u0142 wsp\u00f3lne od\u015bpiewanie Hymnu Pa\u0144stwowego przez uczestnik\u00f3w uroczysto\u015bci.\u00a0 W dalszej cz\u0119\u015bci odby\u0142 si\u0119 [&hellip;]<\/p>\n","protected":false},"author":2,"featured_media":6962,"comment_status":"closed","ping_status":"closed","sticky":false,"template":"","format":"standard","meta":[],"categories":[1],"tags":[],"_links":{"self":[{"href":"https:\/\/www.wroblewski.krakow.pl\/index.php?rest_route=\/wp\/v2\/posts\/6941"}],"collection":[{"href":"https:\/\/www.wroblewski.krakow.pl\/index.php?rest_route=\/wp\/v2\/posts"}],"about":[{"href":"https:\/\/www.wroblewski.krakow.pl\/index.php?rest_route=\/wp\/v2\/types\/post"}],"author":[{"embeddable":true,"href":"https:\/\/www.wroblewski.krakow.pl\/index.php?rest_route=\/wp\/v2\/users\/2"}],"replies":[{"embeddable":true,"href":"https:\/\/www.wroblewski.krakow.pl\/index.php?rest_route=%2Fwp%2Fv2%2Fcomments&post=6941"}],"version-history":[{"count":5,"href":"https:\/\/www.wroblewski.krakow.pl\/index.php?rest_route=\/wp\/v2\/posts\/6941\/revisions"}],"predecessor-version":[{"id":6963,"href":"https:\/\/www.wroblewski.krakow.pl\/index.php?rest_route=\/wp\/v2\/posts\/6941\/revisions\/6963"}],"wp:featuredmedia":[{"embeddable":true,"href":"https:\/\/www.wroblewski.krakow.pl\/index.php?rest_route=\/wp\/v2\/media\/6962"}],"wp:attachment":[{"href":"https:\/\/www.wroblewski.krakow.pl\/index.php?rest_route=%2Fwp%2Fv2%2Fmedia&parent=6941"}],"wp:term":[{"taxonomy":"category","embeddable":true,"href":"https:\/\/www.wroblewski.krakow.pl\/index.php?rest_route=%2Fwp%2Fv2%2Fcategories&post=6941"},{"taxonomy":"post_tag","embeddable":true,"href":"https:\/\/www.wroblewski.krakow.pl\/index.php?rest_route=%2Fwp%2Fv2%2Ftags&post=6941"}],"curies":[{"name":"wp","href":"https:\/\/api.w.org\/{rel}","templated":true}]}}