{"id":6965,"date":"2018-11-11T21:51:12","date_gmt":"2018-11-11T20:51:12","guid":{"rendered":"https:\/\/www.wroblewski.krakow.pl\/?p=6965"},"modified":"2018-11-12T22:47:38","modified_gmt":"2018-11-12T21:47:38","slug":"rekord-dla-niepodleglej-w-ix-liceum","status":"publish","type":"post","link":"https:\/\/www.wroblewski.krakow.pl\/?p=6965","title":{"rendered":"REKORD DLA NIEPODLEG\u0141EJ w IX Liceum"},"content":{"rendered":"<p>W ramach obchod\u00f3w 100. rocznicy odzyskania przez Polsk\u0119 Niepodleg\u0142o\u015bci w pi\u0105tek 9 listopada 2018 roku o godz. 11.11 wszyscy uczniowie i nauczyciele z IX Liceum Og\u00f3lnokszta\u0142c\u0105cego za\u015bpiewali wsp\u00f3lnie cztery zwrotki hymnu narodowego. Akompaniowa\u0142 nam <b>Jakub \u0141ysek<\/b>, <b>ucze\u0144 klasy 2e<\/b>. By\u0142a to niezwykle podnios\u0142a chwila, kt\u00f3ra na pewno pozostanie w naszej pami\u0119ci.<\/p>\n<p>Akcja <i>Rekord dla Niepodleg\u0142ej<\/i> zosta\u0142a og\u0142oszona przez Ministerstwo Edukacji Narodowej oraz Rad\u0119 Dzieci i M\u0142odzie\u017cy przy Ministrze Edukacji Narodowej. Zaproszenie skierowane zosta\u0142o do wszystkich przedszkoli, szk\u00f3\u0142 i plac\u00f3wek o\u015bwiatowych w kraju i za granic\u0105.<\/p>\n<p style=\"text-align: left;\" align=\"right\">Szko\u0142y, kt\u00f3re wzi\u0119\u0142y udzia\u0142 w tym historycznym wydarzeniu, otrzymaj\u0105 pami\u0105tkowe certyfikaty.<i><br \/>\n<\/i><\/p>\n<p align=\"right\"><i>Krak\u00f3w, 11.11.2018 r., mgr Marta Kokoszka<\/i><\/p>\n<p style=\"text-align: left;\" align=\"right\"><a href=\"https:\/\/www.wroblewski.krakow.pl\/?gallery=rekord-dla-niepodleglej-wspolny-spiew-hymnu-polski-09-11-2018-r\">FOTOGALERIA &gt;&gt;&gt;&gt;<\/a><\/p>\n","protected":false},"excerpt":{"rendered":"<p>W ramach obchod\u00f3w 100. rocznicy odzyskania przez Polsk\u0119 Niepodleg\u0142o\u015bci w pi\u0105tek 9 listopada 2018 roku o godz. 11.11 wszyscy uczniowie i nauczyciele z IX Liceum Og\u00f3lnokszta\u0142c\u0105cego za\u015bpiewali wsp\u00f3lnie cztery zwrotki hymnu narodowego. Akompaniowa\u0142 nam Jakub \u0141ysek, ucze\u0144 klasy 2e. By\u0142a to niezwykle podnios\u0142a chwila, kt\u00f3ra na pewno pozostanie w naszej pami\u0119ci. Akcja Rekord dla Niepodleg\u0142ej zosta\u0142a og\u0142oszona przez Ministerstwo Edukacji Narodowej oraz Rad\u0119 Dzieci i M\u0142odzie\u017cy przy Ministrze Edukacji Narodowej. Zaproszenie skierowane zosta\u0142o do wszystkich przedszkoli, szk\u00f3\u0142 i plac\u00f3wek o\u015bwiatowych w kraju i za granic\u0105. Szko\u0142y, kt\u00f3re wzi\u0119\u0142y udzia\u0142 w tym historycznym wydarzeniu, otrzymaj\u0105 pami\u0105tkowe certyfikaty. Krak\u00f3w, 11.11.2018 r., mgr [&hellip;]<\/p>\n","protected":false},"author":2,"featured_media":6925,"comment_status":"closed","ping_status":"closed","sticky":false,"template":"","format":"standard","meta":[],"categories":[1],"tags":[],"_links":{"self":[{"href":"https:\/\/www.wroblewski.krakow.pl\/index.php?rest_route=\/wp\/v2\/posts\/6965"}],"collection":[{"href":"https:\/\/www.wroblewski.krakow.pl\/index.php?rest_route=\/wp\/v2\/posts"}],"about":[{"href":"https:\/\/www.wroblewski.krakow.pl\/index.php?rest_route=\/wp\/v2\/types\/post"}],"author":[{"embeddable":true,"href":"https:\/\/www.wroblewski.krakow.pl\/index.php?rest_route=\/wp\/v2\/users\/2"}],"replies":[{"embeddable":true,"href":"https:\/\/www.wroblewski.krakow.pl\/index.php?rest_route=%2Fwp%2Fv2%2Fcomments&post=6965"}],"version-history":[{"count":2,"href":"https:\/\/www.wroblewski.krakow.pl\/index.php?rest_route=\/wp\/v2\/posts\/6965\/revisions"}],"predecessor-version":[{"id":6967,"href":"https:\/\/www.wroblewski.krakow.pl\/index.php?rest_route=\/wp\/v2\/posts\/6965\/revisions\/6967"}],"wp:featuredmedia":[{"embeddable":true,"href":"https:\/\/www.wroblewski.krakow.pl\/index.php?rest_route=\/wp\/v2\/media\/6925"}],"wp:attachment":[{"href":"https:\/\/www.wroblewski.krakow.pl\/index.php?rest_route=%2Fwp%2Fv2%2Fmedia&parent=6965"}],"wp:term":[{"taxonomy":"category","embeddable":true,"href":"https:\/\/www.wroblewski.krakow.pl\/index.php?rest_route=%2Fwp%2Fv2%2Fcategories&post=6965"},{"taxonomy":"post_tag","embeddable":true,"href":"https:\/\/www.wroblewski.krakow.pl\/index.php?rest_route=%2Fwp%2Fv2%2Ftags&post=6965"}],"curies":[{"name":"wp","href":"https:\/\/api.w.org\/{rel}","templated":true}]}}