{"id":7065,"date":"2018-11-21T09:08:06","date_gmt":"2018-11-21T08:08:06","guid":{"rendered":"https:\/\/www.wroblewski.krakow.pl\/?p=7065"},"modified":"2018-11-22T12:35:20","modified_gmt":"2018-11-22T11:35:20","slug":"klasa-2c-w-panteonach-wielkich-polakow","status":"publish","type":"post","link":"https:\/\/www.wroblewski.krakow.pl\/?p=7065","title":{"rendered":"Klasa 2c w Panteonach Wielkich Polak\u00f3w"},"content":{"rendered":"<p>W dniu 19 listopada 2018 roku <b>klasa 2c<\/b> \u2013 w ramach obchod\u00f3w 100. rocznicy Odzyskania Niepodleg\u0142o\u015bci przez Polsk\u0119 \u2013 uda\u0142a si\u0119 do Krakowskich Panteon\u00f3w. W ko\u015bciele \u015bw. Piotra i Paw\u0142a uczniowie podziwiali bry\u0142\u0119 ko\u015bcio\u0142a i odwiedzili podziemia, w kt\u00f3rych pochowani s\u0105 Wielcy Polacy. W\u015br\u00f3d nich nasz patron \u2013 prof. Zygmunt Wr\u00f3blewski. P\u00f3\u017aniej, nie zwa\u017caj\u0105c na zimny wiatr liceali\u015bci udali si\u0119 do klasztoru ojc\u00f3w Paulin\u00f3w na Ska\u0142ce. Tu wys\u0142uchali dramatycznej historii o \u015bmierci \u015bw. Stanis\u0142awa i informacji o Wielkich pochowanych w Panteonie. Wyj\u015bcie i opiek\u0119 nad m\u0142odzie\u017c\u0105 pe\u0142ni\u0142a Pani mgr Jolanta Gurtat oraz Pani mgr Magdalena Poparda.<\/p>\n<p align=\"right\"><i>Krak\u00f3w, 21.11.2018 r., mgr Jolanta Gurtat, nauczyciel historii<\/i><\/p>\n<p style=\"text-align: left;\" align=\"right\"><a href=\"https:\/\/www.wroblewski.krakow.pl\/wp-content\/uploads\/2018\/11\/2c_krakowskie_panteony20181119_1353441.jpg\"><img decoding=\"async\" loading=\"lazy\" width=\"300\" height=\"200\" class=\"alignleft size-medium wp-image-7089\" alt=\"2c_krakowskie_panteony20181119_1353441\" src=\"https:\/\/www.wroblewski.krakow.pl\/wp-content\/uploads\/2018\/11\/2c_krakowskie_panteony20181119_1353441-300x200.jpg\" srcset=\"https:\/\/www.wroblewski.krakow.pl\/wp-content\/uploads\/2018\/11\/2c_krakowskie_panteony20181119_1353441-300x200.jpg 300w, https:\/\/www.wroblewski.krakow.pl\/wp-content\/uploads\/2018\/11\/2c_krakowskie_panteony20181119_1353441.jpg 1024w\" sizes=\"(max-width: 300px) 100vw, 300px\" \/><\/a> <a href=\"https:\/\/www.wroblewski.krakow.pl\/wp-content\/uploads\/2018\/11\/2c_krakowskie_panteony20181119_1354422.jpg\"><img decoding=\"async\" loading=\"lazy\" width=\"300\" height=\"200\" class=\"alignleft size-medium wp-image-7090\" alt=\"2c_krakowskie_panteony20181119_1354422\" src=\"https:\/\/www.wroblewski.krakow.pl\/wp-content\/uploads\/2018\/11\/2c_krakowskie_panteony20181119_1354422-300x200.jpg\" srcset=\"https:\/\/www.wroblewski.krakow.pl\/wp-content\/uploads\/2018\/11\/2c_krakowskie_panteony20181119_1354422-300x200.jpg 300w, https:\/\/www.wroblewski.krakow.pl\/wp-content\/uploads\/2018\/11\/2c_krakowskie_panteony20181119_1354422.jpg 1024w\" sizes=\"(max-width: 300px) 100vw, 300px\" \/><\/a><\/p>\n","protected":false},"excerpt":{"rendered":"<p>W dniu 19 listopada 2018 roku klasa 2c \u2013 w ramach obchod\u00f3w 100. rocznicy Odzyskania Niepodleg\u0142o\u015bci przez Polsk\u0119 \u2013 uda\u0142a si\u0119 do Krakowskich Panteon\u00f3w. W ko\u015bciele \u015bw. Piotra i Paw\u0142a uczniowie podziwiali bry\u0142\u0119 ko\u015bcio\u0142a i odwiedzili podziemia, w kt\u00f3rych pochowani s\u0105 Wielcy Polacy. W\u015br\u00f3d nich nasz patron \u2013 prof. Zygmunt Wr\u00f3blewski. P\u00f3\u017aniej, nie zwa\u017caj\u0105c na zimny wiatr liceali\u015bci udali si\u0119 do klasztoru ojc\u00f3w Paulin\u00f3w na Ska\u0142ce. Tu wys\u0142uchali dramatycznej historii o \u015bmierci \u015bw. Stanis\u0142awa i informacji o Wielkich pochowanych w Panteonie. Wyj\u015bcie i opiek\u0119 nad m\u0142odzie\u017c\u0105 pe\u0142ni\u0142a Pani mgr Jolanta Gurtat oraz Pani mgr Magdalena Poparda. Krak\u00f3w, 21.11.2018 r., mgr [&hellip;]<\/p>\n","protected":false},"author":2,"featured_media":7066,"comment_status":"closed","ping_status":"closed","sticky":false,"template":"","format":"standard","meta":[],"categories":[1],"tags":[],"_links":{"self":[{"href":"https:\/\/www.wroblewski.krakow.pl\/index.php?rest_route=\/wp\/v2\/posts\/7065"}],"collection":[{"href":"https:\/\/www.wroblewski.krakow.pl\/index.php?rest_route=\/wp\/v2\/posts"}],"about":[{"href":"https:\/\/www.wroblewski.krakow.pl\/index.php?rest_route=\/wp\/v2\/types\/post"}],"author":[{"embeddable":true,"href":"https:\/\/www.wroblewski.krakow.pl\/index.php?rest_route=\/wp\/v2\/users\/2"}],"replies":[{"embeddable":true,"href":"https:\/\/www.wroblewski.krakow.pl\/index.php?rest_route=%2Fwp%2Fv2%2Fcomments&post=7065"}],"version-history":[{"count":3,"href":"https:\/\/www.wroblewski.krakow.pl\/index.php?rest_route=\/wp\/v2\/posts\/7065\/revisions"}],"predecessor-version":[{"id":7091,"href":"https:\/\/www.wroblewski.krakow.pl\/index.php?rest_route=\/wp\/v2\/posts\/7065\/revisions\/7091"}],"wp:featuredmedia":[{"embeddable":true,"href":"https:\/\/www.wroblewski.krakow.pl\/index.php?rest_route=\/wp\/v2\/media\/7066"}],"wp:attachment":[{"href":"https:\/\/www.wroblewski.krakow.pl\/index.php?rest_route=%2Fwp%2Fv2%2Fmedia&parent=7065"}],"wp:term":[{"taxonomy":"category","embeddable":true,"href":"https:\/\/www.wroblewski.krakow.pl\/index.php?rest_route=%2Fwp%2Fv2%2Fcategories&post=7065"},{"taxonomy":"post_tag","embeddable":true,"href":"https:\/\/www.wroblewski.krakow.pl\/index.php?rest_route=%2Fwp%2Fv2%2Ftags&post=7065"}],"curies":[{"name":"wp","href":"https:\/\/api.w.org\/{rel}","templated":true}]}}