{"id":7292,"date":"2018-12-08T22:15:37","date_gmt":"2018-12-08T21:15:37","guid":{"rendered":"https:\/\/www.wroblewski.krakow.pl\/?p=7292"},"modified":"2018-12-10T12:20:29","modified_gmt":"2018-12-10T11:20:29","slug":"uczniowie-klasy-2e-i-3e-na-spotkaniu-ze-zlota-dama","status":"publish","type":"post","link":"https:\/\/www.wroblewski.krakow.pl\/?p=7292","title":{"rendered":"Klasy 2e i 3e na spotkaniu ze \u201eZ\u0142ot\u0105 Dam\u0105\u201d"},"content":{"rendered":"<p>W dniu 7 grudnia 2018 roku <b>klasy humanistyczne (2e i 3e)<\/b> uczestnicz<wbr \/>y\u0142y w seansie filmowym w kinie &#8222;Mikro&#8221;, gdzie wy\u015bwietlono tylko dla uczni\u00f3w <b>film pt. &#8222;Z\u0142ota Dama&#8221;.<\/b><\/p>\n<p>&nbsp;<\/p>\n<p>Przedstawiona historia oparta jest na autentycznych losach zamo\u017cnej przedwojennej austriackiej rodziny \u017cyj\u0105cej w Wiedniu. Po wybuchu II wojny \u015bwiatowej rodzina bohaterki \u2013 Marii Altman \u2013 zostaje dotkni\u0119ta jedn\u0105 z najbardziej zuchwa\u0142ych grabie\u017cy w historii. Nazistowskie w\u0142adze Austrii rekwiruj\u0105 z jej domu obraz namalowany przez Gustava Klimta pt. &#8222;Z\u0142ota Dama&#8221;. Dla Marii jest to drogocenna pami\u0105tka rodzinna (portret jej ciotki) i po wojnie \u2013 b\u0119d\u0105c obywatelk\u0105 USA \u2013 rozpoczyna heroiczn\u0105 walk\u0119 z rz\u0105dem Austrii o zwrot obrazu i innych dzie\u0142 z rodzinnej kolekcji. Rz\u0105d Austrii nie chce zwr\u00f3ci\u0107 obrazu, traktowanego w zbiorach &#8222;Belveder&#8221; jako najcenniejsz\u0105 warto\u015b\u0107, obraz jest nazywany &#8222;austriack\u0105 Mon\u0105 Lis\u0105&#8221;. Po licznych perypetiach dzie\u0142o sztuki Gustava Klimta wraca do w\u0142a\u015bcicielki.<\/p>\n<p>&nbsp;<\/p>\n<p>Ogl\u0105dany przez uczni\u00f3w film sta\u0142 si\u0119 dodatkow\u0105 okazj\u0105 do realizacji tre\u015bci programowych z j. polskiego, historii i historii sztuki rozszerzaj\u0105c je o filmowy kontekst. Pozwoli on na utrwalenie z uczniami zagadnie\u0144 dotycz\u0105cych II wojny \u015bwiatowej, polityki nazizmu, zagarniania przez faszyst\u00f3w dzie\u0142 sztuki i skarb\u00f3w dziedzictwa narodowego. Pozwoli tak\u017ce \u2013 poprzez obraz Klimta \u2013 na ponowne utrwalenie zagadnie\u0144 zwi\u0105zanych z secesj\u0105 w malarstwie, co jest tre\u015bci\u0105 programow\u0105 z j. polskiego w klasach humanistycznych.<\/p>\n<p>&nbsp;<\/p>\n<p>Film sta\u0142 si\u0119 tak\u017ce okazj\u0105 do rozmowy z uczniami na temat problemu restytucji dzie\u0142 sztuki i ich zwrotu prawowitym w\u0142a\u015bcicielom po II wojnie \u015bwiatowej. U\u015bwiadomiono uczniom sposoby ochrony dziedzictwa narodowego w Polsce \u2013 na uwag\u0119 zas\u0142uguje fakt, \u017ce wg danych Ministerstwa Kultury i Dziedzictwa Narodowego nasz kraj utraci\u0142 ok.516 tysi\u0119cy dzie\u0142 sztuki. Uczniowie dowiedzieli si\u0119, \u017ce w\u015br\u00f3d strat wojennych znalaz\u0142y si\u0119 dzie\u0142a m.in: Jana Matejki, Jacka Malczewskiego, Wojciecha Kossaka, Juliana Fa\u0142ata i innych. Informacje te by\u0142y z zainteresowaniem odebrane przez uczni\u00f3w i mia\u0142y walor wychowawczy \u2013 w tym miejscu u\u015bwiadomili sobie, \u017ce obraz Aleksandra Gierymskiego pt. &#8222;\u017byd\u00f3wka z pomara\u0144czami&#8221;, reprodukowany na ok\u0142adce ich podr\u0119cznika do j. polskiego, zosta\u0142 odzyskany z Niemiec z domu aukcyjnego pod Hamburgiem dopiero w 2011 roku w wyniku dzia\u0142a\u0144 restytucyjnych.<\/p>\n<p>&nbsp;<\/p>\n<p>Film jest dla uczni\u00f3w tak\u017ce ciekawy ze wzgl\u0119du na inspiracj\u0119 do interesowania si\u0119 dzie\u0142ami sztuki i ich losami. <b>Wyj\u015bcie zorganizowa\u0142y: Pani mgr Marta Kokoszka<\/b>, nauczycielka historii i <b>Pani mgr Anna Urba\u0144ska<\/b>, nauczycielka j. polskiego.<\/p>\n<p>&nbsp;<\/p>\n<p align=\"right\"><i>Krak\u00f3w, 08.12.2018 r., mgr Anna Urba\u0144ska<\/i><\/p>\n<p align=\"right\">\n","protected":false},"excerpt":{"rendered":"<p>W dniu 7 grudnia 2018 roku klasy humanistyczne (2e i 3e) uczestniczy\u0142y w seansie filmowym w kinie &#8222;Mikro&#8221;, gdzie wy\u015bwietlono tylko dla uczni\u00f3w film pt. &#8222;Z\u0142ota Dama&#8221;. &nbsp; Przedstawiona historia oparta jest na autentycznych losach zamo\u017cnej przedwojennej austriackiej rodziny \u017cyj\u0105cej w Wiedniu. Po wybuchu II wojny \u015bwiatowej rodzina bohaterki \u2013 Marii Altman \u2013 zostaje dotkni\u0119ta jedn\u0105 z najbardziej zuchwa\u0142ych grabie\u017cy w historii. Nazistowskie w\u0142adze Austrii rekwiruj\u0105 z jej domu obraz namalowany przez Gustava Klimta pt. &#8222;Z\u0142ota Dama&#8221;. Dla Marii jest to drogocenna pami\u0105tka rodzinna (portret jej ciotki) i po wojnie \u2013 b\u0119d\u0105c obywatelk\u0105 USA \u2013 rozpoczyna heroiczn\u0105 walk\u0119 z rz\u0105dem [&hellip;]<\/p>\n","protected":false},"author":2,"featured_media":7293,"comment_status":"closed","ping_status":"closed","sticky":false,"template":"","format":"standard","meta":[],"categories":[1],"tags":[],"_links":{"self":[{"href":"https:\/\/www.wroblewski.krakow.pl\/index.php?rest_route=\/wp\/v2\/posts\/7292"}],"collection":[{"href":"https:\/\/www.wroblewski.krakow.pl\/index.php?rest_route=\/wp\/v2\/posts"}],"about":[{"href":"https:\/\/www.wroblewski.krakow.pl\/index.php?rest_route=\/wp\/v2\/types\/post"}],"author":[{"embeddable":true,"href":"https:\/\/www.wroblewski.krakow.pl\/index.php?rest_route=\/wp\/v2\/users\/2"}],"replies":[{"embeddable":true,"href":"https:\/\/www.wroblewski.krakow.pl\/index.php?rest_route=%2Fwp%2Fv2%2Fcomments&post=7292"}],"version-history":[{"count":4,"href":"https:\/\/www.wroblewski.krakow.pl\/index.php?rest_route=\/wp\/v2\/posts\/7292\/revisions"}],"predecessor-version":[{"id":7296,"href":"https:\/\/www.wroblewski.krakow.pl\/index.php?rest_route=\/wp\/v2\/posts\/7292\/revisions\/7296"}],"wp:featuredmedia":[{"embeddable":true,"href":"https:\/\/www.wroblewski.krakow.pl\/index.php?rest_route=\/wp\/v2\/media\/7293"}],"wp:attachment":[{"href":"https:\/\/www.wroblewski.krakow.pl\/index.php?rest_route=%2Fwp%2Fv2%2Fmedia&parent=7292"}],"wp:term":[{"taxonomy":"category","embeddable":true,"href":"https:\/\/www.wroblewski.krakow.pl\/index.php?rest_route=%2Fwp%2Fv2%2Fcategories&post=7292"},{"taxonomy":"post_tag","embeddable":true,"href":"https:\/\/www.wroblewski.krakow.pl\/index.php?rest_route=%2Fwp%2Fv2%2Ftags&post=7292"}],"curies":[{"name":"wp","href":"https:\/\/api.w.org\/{rel}","templated":true}]}}