{"id":7336,"date":"2018-12-13T14:34:40","date_gmt":"2018-12-13T13:34:40","guid":{"rendered":"https:\/\/www.wroblewski.krakow.pl\/?p=7336"},"modified":"2018-12-18T12:07:00","modified_gmt":"2018-12-18T11:07:00","slug":"13-grudnia-1981-roku-stan-wojenny-niechlubna-data-w-historii-polski","status":"publish","type":"post","link":"https:\/\/www.wroblewski.krakow.pl\/?p=7336","title":{"rendered":"Spotkanie ze \u015bwiadkiem historii &#8211; 13 grudnia 1981 &#8211; Edwardem Nowakiem"},"content":{"rendered":"<p>W dniu 12 grudnia 2018 roku po raz kolejny go\u015bci\u0142 w murach naszej szko\u0142y <strong>\u015bwiadek wsp\u00f3\u0142czesnej historii \u2013 Pan Edward Nowak<\/strong>, Prezes Stowarzyszenia Sie\u0107 Solidarno\u015b\u0107.<\/p>\n<p><strong>Pan Edward Nowak podzieli\u0142 si\u0119 z uczniami klas 1b, 1d i 1e swoimi wspomnieniami z sierpnia 1980 roku<\/strong>, kiedy bra\u0142 aktywny udzia\u0142 w strajku w hucie im. Lenina (obecnie im. Sendzimira) oraz ze strajku grudniowego z 1981 roku po wprowadzeniu stanu wojennego. Po miesi\u0119cznym ukrywaniu si\u0119 zosta\u0142 aresztowany, os\u0105dzony za dzia\u0142alno\u015b\u0107 w strukturach ,,Solidarno\u015bci\u2019\u2019 i osadzony w wi\u0119zieniu jako wi\u0119zie\u0144 polityczny.<\/p>\n<p>Wraz z nim w wi\u0119zieniu przebywa\u0142o wielu dzia\u0142aczy opozycji, w\u015br\u00f3d nich znajdowali si\u0119 r\u00f3wnie\u017c przedstawiciele naszej szkolnej spo\u0142eczno\u015bci \u2013\u00a0nauczyciel IX LO Pan Tadeusz Kantor oraz ucze\u0144 Pawe\u0142 Gac. Zostali skazani za dzia\u0142alno\u015b\u0107 w strukturach ,,Solidarno\u015bci\u2018\u2019 i za roznoszenie ulotek. Ta informacja by\u0142a dla nas wielkim zaskoczeniem i wywo\u0142a\u0142a w\u015br\u00f3d obecnych uczni\u00f3w poruszenie.<\/p>\n<p>Bardzo dzi\u0119kujemy za spotkanie i podzielenie si\u0119 z nami swoimi osobistymi prze\u017cyciami.<\/p>\n<p><strong>Spotkanie zorganizowa\u0142a Pani mgr Jolanta Gurtat<\/strong>, nauczyciel historii<\/p>\n<p align=\"right\"><i>Krak\u00f3w, 13.12.2018 r., mgr Jolanta Gurtat<\/i><\/p>\n<p style=\"text-align: left;\" align=\"right\"><a href=\"https:\/\/www.wroblewski.krakow.pl\/wp-content\/uploads\/2018\/12\/\u015awiadek_historii01.jpg\"><img decoding=\"async\" loading=\"lazy\" width=\"300\" height=\"200\" class=\"alignleft size-medium wp-image-7383\" alt=\"\u015awiadek_historii01\" src=\"https:\/\/www.wroblewski.krakow.pl\/wp-content\/uploads\/2018\/12\/\u015awiadek_historii01-300x200.jpg\" srcset=\"https:\/\/www.wroblewski.krakow.pl\/wp-content\/uploads\/2018\/12\/\u015awiadek_historii01-300x200.jpg 300w, https:\/\/www.wroblewski.krakow.pl\/wp-content\/uploads\/2018\/12\/\u015awiadek_historii01.jpg 1024w\" sizes=\"(max-width: 300px) 100vw, 300px\" \/><\/a> <a href=\"https:\/\/www.wroblewski.krakow.pl\/wp-content\/uploads\/2018\/12\/\u015awiadek_historii02.jpg\"><img decoding=\"async\" loading=\"lazy\" width=\"300\" height=\"200\" class=\"alignleft size-medium wp-image-7384\" alt=\"\u015awiadek_historii02\" src=\"https:\/\/www.wroblewski.krakow.pl\/wp-content\/uploads\/2018\/12\/\u015awiadek_historii02-300x200.jpg\" srcset=\"https:\/\/www.wroblewski.krakow.pl\/wp-content\/uploads\/2018\/12\/\u015awiadek_historii02-300x200.jpg 300w, https:\/\/www.wroblewski.krakow.pl\/wp-content\/uploads\/2018\/12\/\u015awiadek_historii02.jpg 1024w\" sizes=\"(max-width: 300px) 100vw, 300px\" \/><\/a> <a href=\"https:\/\/www.wroblewski.krakow.pl\/wp-content\/uploads\/2018\/12\/\u015awiadek_historii03.jpg\"><img decoding=\"async\" loading=\"lazy\" width=\"300\" height=\"199\" class=\"alignleft size-medium wp-image-7385\" alt=\"\u015awiadek_historii03\" src=\"https:\/\/www.wroblewski.krakow.pl\/wp-content\/uploads\/2018\/12\/\u015awiadek_historii03-300x199.jpg\" srcset=\"https:\/\/www.wroblewski.krakow.pl\/wp-content\/uploads\/2018\/12\/\u015awiadek_historii03-300x199.jpg 300w, https:\/\/www.wroblewski.krakow.pl\/wp-content\/uploads\/2018\/12\/\u015awiadek_historii03.jpg 1024w\" sizes=\"(max-width: 300px) 100vw, 300px\" \/><\/a> <a href=\"https:\/\/www.wroblewski.krakow.pl\/wp-content\/uploads\/2018\/12\/\u015awiadek_historii04.jpg\"><img decoding=\"async\" loading=\"lazy\" width=\"300\" height=\"232\" class=\"alignleft size-medium wp-image-7386\" alt=\"\u015awiadek_historii04\" src=\"https:\/\/www.wroblewski.krakow.pl\/wp-content\/uploads\/2018\/12\/\u015awiadek_historii04-300x232.jpg\" srcset=\"https:\/\/www.wroblewski.krakow.pl\/wp-content\/uploads\/2018\/12\/\u015awiadek_historii04-300x232.jpg 300w, https:\/\/www.wroblewski.krakow.pl\/wp-content\/uploads\/2018\/12\/\u015awiadek_historii04.jpg 991w\" sizes=\"(max-width: 300px) 100vw, 300px\" \/><\/a><\/p>\n","protected":false},"excerpt":{"rendered":"<p>W dniu 12 grudnia 2018 roku po raz kolejny go\u015bci\u0142 w murach naszej szko\u0142y \u015bwiadek wsp\u00f3\u0142czesnej historii \u2013 Pan Edward Nowak, Prezes Stowarzyszenia Sie\u0107 Solidarno\u015b\u0107. Pan Edward Nowak podzieli\u0142 si\u0119 z uczniami klas 1b, 1d i 1e swoimi wspomnieniami z sierpnia 1980 roku, kiedy bra\u0142 aktywny udzia\u0142 w strajku w hucie im. Lenina (obecnie im. Sendzimira) oraz ze strajku grudniowego z 1981 roku po wprowadzeniu stanu wojennego. Po miesi\u0119cznym ukrywaniu si\u0119 zosta\u0142 aresztowany, os\u0105dzony za dzia\u0142alno\u015b\u0107 w strukturach ,,Solidarno\u015bci\u2019\u2019 i osadzony w wi\u0119zieniu jako wi\u0119zie\u0144 polityczny. Wraz z nim w wi\u0119zieniu przebywa\u0142o wielu dzia\u0142aczy opozycji, w\u015br\u00f3d nich znajdowali si\u0119 r\u00f3wnie\u017c [&hellip;]<\/p>\n","protected":false},"author":2,"featured_media":7338,"comment_status":"closed","ping_status":"closed","sticky":false,"template":"","format":"standard","meta":[],"categories":[1],"tags":[],"_links":{"self":[{"href":"https:\/\/www.wroblewski.krakow.pl\/index.php?rest_route=\/wp\/v2\/posts\/7336"}],"collection":[{"href":"https:\/\/www.wroblewski.krakow.pl\/index.php?rest_route=\/wp\/v2\/posts"}],"about":[{"href":"https:\/\/www.wroblewski.krakow.pl\/index.php?rest_route=\/wp\/v2\/types\/post"}],"author":[{"embeddable":true,"href":"https:\/\/www.wroblewski.krakow.pl\/index.php?rest_route=\/wp\/v2\/users\/2"}],"replies":[{"embeddable":true,"href":"https:\/\/www.wroblewski.krakow.pl\/index.php?rest_route=%2Fwp%2Fv2%2Fcomments&post=7336"}],"version-history":[{"count":7,"href":"https:\/\/www.wroblewski.krakow.pl\/index.php?rest_route=\/wp\/v2\/posts\/7336\/revisions"}],"predecessor-version":[{"id":7387,"href":"https:\/\/www.wroblewski.krakow.pl\/index.php?rest_route=\/wp\/v2\/posts\/7336\/revisions\/7387"}],"wp:featuredmedia":[{"embeddable":true,"href":"https:\/\/www.wroblewski.krakow.pl\/index.php?rest_route=\/wp\/v2\/media\/7338"}],"wp:attachment":[{"href":"https:\/\/www.wroblewski.krakow.pl\/index.php?rest_route=%2Fwp%2Fv2%2Fmedia&parent=7336"}],"wp:term":[{"taxonomy":"category","embeddable":true,"href":"https:\/\/www.wroblewski.krakow.pl\/index.php?rest_route=%2Fwp%2Fv2%2Fcategories&post=7336"},{"taxonomy":"post_tag","embeddable":true,"href":"https:\/\/www.wroblewski.krakow.pl\/index.php?rest_route=%2Fwp%2Fv2%2Ftags&post=7336"}],"curies":[{"name":"wp","href":"https:\/\/api.w.org\/{rel}","templated":true}]}}