{"id":7480,"date":"2019-01-06T20:38:28","date_gmt":"2019-01-06T19:38:28","guid":{"rendered":"https:\/\/www.wroblewski.krakow.pl\/?p=7480"},"modified":"2019-01-10T21:50:45","modified_gmt":"2019-01-10T20:50:45","slug":"noworoczny-koncert-koled-w-wykonaniu-choru-ix-liceum","status":"publish","type":"post","link":"https:\/\/www.wroblewski.krakow.pl\/?p=7480","title":{"rendered":"Noworoczny koncert kol\u0119d w wykonaniu Ch\u00f3ru IX Liceum"},"content":{"rendered":"<p>W niedziel\u0119 6 stycznia 2019 roku w ko\u015bciele pw. \u015bw. Szczepana przy ul. Sienkiewicza 19 o godzinie 14.00 odby\u0142a si\u0119 uroczysta msza \u015bwi\u0119ta z okazji \u015bwi\u0119ta Objawienia Pa\u0144skiego (zwyczajowo nazywanym \u015bwi\u0119tem Trzech Kr\u00f3li). O opraw\u0119 muzyczn\u0105 uroczysto\u015bci zadba\u0142a reprezentacja \u201eWr\u00f3blewskiego\u201d<\/p>\n<p>Po nabo\u017ce\u0144stwie rozpocz\u0105\u0142 si\u0119 noworoczny koncert kol\u0119d w wykonaniu <strong>Ch\u00f3ru<\/strong> <b>IX Liceum pod batut\u0105 Pana mgr in\u017c. Piotra Kmiecika<\/b>, akompaniowa\u0142 <b>Pan Konrad Papiernik<\/b>, organista z Pabianic. W koncertowym repertuarze Ch\u00f3ru szkolnego znalaz\u0142y si\u0119 najpi\u0119kniejsze kol\u0119dy znane naszej tradycji ( m.in. <i>Lulaj\u017ce Jezuniu<\/i>, <i>Przybie\u017celi do Betlejem, W\u015br\u00f3d nocnej, Nad Betlejem w ciemn\u0105 noc <\/i>). Zgromadzonych zachwyci\u0142y mo\u017cliwo\u015bci wokalne wyst\u0119puj\u0105cych i organizacja muzycznego przedsi\u0119wzi\u0119cia.<\/p>\n<p>Koncert zako\u0144czy\u0142 si\u0119 wsp\u00f3lnym od\u015bpiewaniem kol\u0119dy <i>B\u00f3g si\u0119 rodzi<\/i>. W kol\u0119dowaniu udzia\u0142 wzi\u0119li licznie zgromadzeni przedstawiciele: Dyrekcji, Grona Pedagogicznego, Profesor\u00f3w Emerytowanych, Rodzic\u00f3w, Uczni\u00f3w a tak\u017ce wielu Przyjaci\u00f3\u0142 \u201eWr\u00f3blewskiego\u201d.<\/p>\n<p>Po koncercie g\u0142os zabrali <b>ks. Leszek Garstka<\/b>, proboszcz parafii \u2013 zapraszaj\u0105c Ch\u00f3r szkolny na kolejny wyst\u0119p ju\u017c za rok oraz <b>Pan mgr in\u017c. Piotr Kmiecik<\/b>, dyrygent i za\u0142o\u017cyciel Ch\u00f3ru \u2013 kt\u00f3ry podzi\u0119kowa\u0142 Uczniom za udzia\u0142 i podkre\u015bli\u0142, \u017ce nie by\u0142oby Ch\u00f3ru, gdyby nie zaanga\u017cowanie m\u0142odzie\u017cy.<\/p>\n<p>Dzisiejszy wyst\u0119p pokaza\u0142, \u017ce wsp\u00f3lne dzia\u0142anie, ci\u0119\u017cka praca i wielogodzinne pr\u00f3by mog\u0105 zaowocowa\u0107 pi\u0119knym sukcesem.<\/p>\n<p>&nbsp;<\/p>\n<p>Gratulujemy i \u017cyczymy dalszych muzycznych dokona\u0144!<\/p>\n<p>&nbsp;<\/p>\n<p align=\"right\"><i>Krak\u00f3w, 06.01.2019 r., mgr in\u017c. Piotr Kmiecik, mgr Paulina W\u00f3jtowicz<\/i><\/p>\n<p style=\"text-align: left;\" align=\"right\"><a href=\"https:\/\/www.wroblewski.krakow.pl\/wp-content\/uploads\/2019\/01\/Koncert_kol\u0119d1.jpg\"><img decoding=\"async\" loading=\"lazy\" width=\"300\" height=\"166\" class=\"alignleft size-medium wp-image-7491\" alt=\"Koncert_kol\u0119d1\" src=\"https:\/\/www.wroblewski.krakow.pl\/wp-content\/uploads\/2019\/01\/Koncert_kol\u0119d1-300x166.jpg\" srcset=\"https:\/\/www.wroblewski.krakow.pl\/wp-content\/uploads\/2019\/01\/Koncert_kol\u0119d1-300x166.jpg 300w, https:\/\/www.wroblewski.krakow.pl\/wp-content\/uploads\/2019\/01\/Koncert_kol\u0119d1.jpg 1024w\" sizes=\"(max-width: 300px) 100vw, 300px\" \/><\/a> <a href=\"https:\/\/www.wroblewski.krakow.pl\/wp-content\/uploads\/2019\/01\/Koncert_kol\u0119d4.jpg\"><img decoding=\"async\" loading=\"lazy\" width=\"300\" height=\"176\" class=\"alignleft size-medium wp-image-7492\" alt=\"Koncert_kol\u0119d4\" src=\"https:\/\/www.wroblewski.krakow.pl\/wp-content\/uploads\/2019\/01\/Koncert_kol\u0119d4-300x176.jpg\" srcset=\"https:\/\/www.wroblewski.krakow.pl\/wp-content\/uploads\/2019\/01\/Koncert_kol\u0119d4-300x176.jpg 300w, https:\/\/www.wroblewski.krakow.pl\/wp-content\/uploads\/2019\/01\/Koncert_kol\u0119d4.jpg 1024w\" sizes=\"(max-width: 300px) 100vw, 300px\" \/><\/a><\/p>\n","protected":false},"excerpt":{"rendered":"<p>W niedziel\u0119 6 stycznia 2019 roku w ko\u015bciele pw. \u015bw. Szczepana przy ul. Sienkiewicza 19 o godzinie 14.00 odby\u0142a si\u0119 uroczysta msza \u015bwi\u0119ta z okazji \u015bwi\u0119ta Objawienia Pa\u0144skiego (zwyczajowo nazywanym \u015bwi\u0119tem Trzech Kr\u00f3li). O opraw\u0119 muzyczn\u0105 uroczysto\u015bci zadba\u0142a reprezentacja \u201eWr\u00f3blewskiego\u201d Po nabo\u017ce\u0144stwie rozpocz\u0105\u0142 si\u0119 noworoczny koncert kol\u0119d w wykonaniu Ch\u00f3ru IX Liceum pod batut\u0105 Pana mgr in\u017c. Piotra Kmiecika, akompaniowa\u0142 Pan Konrad Papiernik, organista z Pabianic. W koncertowym repertuarze Ch\u00f3ru szkolnego znalaz\u0142y si\u0119 najpi\u0119kniejsze kol\u0119dy znane naszej tradycji ( m.in. Lulaj\u017ce Jezuniu, Przybie\u017celi do Betlejem, W\u015br\u00f3d nocnej, Nad Betlejem w ciemn\u0105 noc ). Zgromadzonych zachwyci\u0142y mo\u017cliwo\u015bci wokalne wyst\u0119puj\u0105cych i organizacja [&hellip;]<\/p>\n","protected":false},"author":2,"featured_media":7490,"comment_status":"closed","ping_status":"closed","sticky":false,"template":"","format":"standard","meta":[],"categories":[1],"tags":[],"_links":{"self":[{"href":"https:\/\/www.wroblewski.krakow.pl\/index.php?rest_route=\/wp\/v2\/posts\/7480"}],"collection":[{"href":"https:\/\/www.wroblewski.krakow.pl\/index.php?rest_route=\/wp\/v2\/posts"}],"about":[{"href":"https:\/\/www.wroblewski.krakow.pl\/index.php?rest_route=\/wp\/v2\/types\/post"}],"author":[{"embeddable":true,"href":"https:\/\/www.wroblewski.krakow.pl\/index.php?rest_route=\/wp\/v2\/users\/2"}],"replies":[{"embeddable":true,"href":"https:\/\/www.wroblewski.krakow.pl\/index.php?rest_route=%2Fwp%2Fv2%2Fcomments&post=7480"}],"version-history":[{"count":10,"href":"https:\/\/www.wroblewski.krakow.pl\/index.php?rest_route=\/wp\/v2\/posts\/7480\/revisions"}],"predecessor-version":[{"id":7502,"href":"https:\/\/www.wroblewski.krakow.pl\/index.php?rest_route=\/wp\/v2\/posts\/7480\/revisions\/7502"}],"wp:featuredmedia":[{"embeddable":true,"href":"https:\/\/www.wroblewski.krakow.pl\/index.php?rest_route=\/wp\/v2\/media\/7490"}],"wp:attachment":[{"href":"https:\/\/www.wroblewski.krakow.pl\/index.php?rest_route=%2Fwp%2Fv2%2Fmedia&parent=7480"}],"wp:term":[{"taxonomy":"category","embeddable":true,"href":"https:\/\/www.wroblewski.krakow.pl\/index.php?rest_route=%2Fwp%2Fv2%2Fcategories&post=7480"},{"taxonomy":"post_tag","embeddable":true,"href":"https:\/\/www.wroblewski.krakow.pl\/index.php?rest_route=%2Fwp%2Fv2%2Ftags&post=7480"}],"curies":[{"name":"wp","href":"https:\/\/api.w.org\/{rel}","templated":true}]}}