{"id":7662,"date":"2019-02-01T20:44:57","date_gmt":"2019-02-01T19:44:57","guid":{"rendered":"https:\/\/www.wroblewski.krakow.pl\/?p=7662"},"modified":"2019-02-02T12:06:11","modified_gmt":"2019-02-02T11:06:11","slug":"wystep-choru-ix-liceum-w-palacu-arcybiskupow-krakowskich","status":"publish","type":"post","link":"https:\/\/www.wroblewski.krakow.pl\/?p=7662","title":{"rendered":"Wyst\u0119p Ch\u00f3ru IX Liceum w Pa\u0142acu Arcybiskup\u00f3w Krakowskich"},"content":{"rendered":"<p style=\"text-align: justify;\">Dnia 31 stycznia 2019 roku w Pa\u0142acu Arcybiskup\u00f3w Krakowskich przy ul. Franciszka\u0144skiej 3 odby\u0142o si\u0119 spotkanie op\u0142atkowe krakowskich \u015brodowisk sportowych. Na zaproszenie K<b>s. \u0141ukasza Nizio<\/b>, kapelana \u015brodowisk sportowych, wydarzenie to u\u015bwietni\u0142 wyst\u0119p <b>Ch\u00f3ru IX Liceum pod batut\u0105 Pana mgr in\u017c. Piotra Kmiecika<\/b>. Akompaniowa\u0142 <b>Pan Tomasz \u015alusarczyk<\/b>, absolwent Akademii Muzycznej w Krakowie. Spotkaniu przewodniczy\u0142 <b>Ks. Infu\u0142at Bronis\u0142aw Fidelus<\/b>, kt\u00f3ry m\u00f3wi\u0142 o zdrowej rywalizacji w sporcie i wzajemnym szacunku.<\/p>\n<p>W s\u0142ynnej sali, z kt\u00f3rej \u015aw. Jan Pawe\u0142 II wielokrotnie wychodzi\u0142 do okna by rozmawia\u0107 z m\u0142odzie\u017c\u0105 zgromadzon\u0105 podczas jego pielgrzymek na ul. Franciszka\u0144skiej, Ch\u00f3r IX LO wykona\u0142 wiele pi\u0119knych kol\u0119d. Jest to kolejny wyst\u0119p naszego Ch\u00f3ru, podczas kt\u00f3rego m\u00f3g\u0142 zaprezentowa\u0107 si\u0119 szerszej publiczno\u015bci, w dodatku w tak niesamowitym miejscu, w kt\u00f3rym tworzy\u0142a si\u0119 historia. Ks. Infu\u0142at oraz zgromadzeni go\u015bcie gratulowali m\u0142odzie\u017cy pi\u0119knego wyst\u0119pu. Gratulujemy sukcesu!<\/p>\n<p>Wyst\u0119powi Ch\u00f3ru przys\u0142uchiwa\u0142y si\u0119 r\u00f3wnie\u017c <strong>Pani mgr Ma\u0142gorzata Sikora<\/strong>, katechetka w IX Liceum oraz <strong>Pani mgr Aleksandra Pagacz-Pociask<\/strong>, dyrektor IX Liceum.<\/p>\n<p style=\"text-align: right;\">\u00a0<i>Krak\u00f3w, 01.02.2019 r., mgr Ma\u0142gorzata Sikora<\/i><\/p>\n<p style=\"text-align: left;\"><a href=\"https:\/\/www.wroblewski.krakow.pl\/wp-content\/uploads\/2019\/02\/chor_kuria_archidiecezjalna_1.jpg\"><img decoding=\"async\" loading=\"lazy\" width=\"300\" height=\"200\" class=\"alignleft size-medium wp-image-7663\" alt=\"chor_kuria_archidiecezjalna_1\" src=\"https:\/\/www.wroblewski.krakow.pl\/wp-content\/uploads\/2019\/02\/chor_kuria_archidiecezjalna_1-300x200.jpg\" srcset=\"https:\/\/www.wroblewski.krakow.pl\/wp-content\/uploads\/2019\/02\/chor_kuria_archidiecezjalna_1-300x200.jpg 300w, https:\/\/www.wroblewski.krakow.pl\/wp-content\/uploads\/2019\/02\/chor_kuria_archidiecezjalna_1.jpg 1024w\" sizes=\"(max-width: 300px) 100vw, 300px\" \/><\/a> <a href=\"https:\/\/www.wroblewski.krakow.pl\/wp-content\/uploads\/2019\/02\/chor_kuria_archidiecezjalna_2.jpg\"><img decoding=\"async\" loading=\"lazy\" width=\"300\" height=\"199\" class=\"alignleft size-medium wp-image-7664\" alt=\"chor_kuria_archidiecezjalna_2\" src=\"https:\/\/www.wroblewski.krakow.pl\/wp-content\/uploads\/2019\/02\/chor_kuria_archidiecezjalna_2-300x199.jpg\" srcset=\"https:\/\/www.wroblewski.krakow.pl\/wp-content\/uploads\/2019\/02\/chor_kuria_archidiecezjalna_2-300x199.jpg 300w, https:\/\/www.wroblewski.krakow.pl\/wp-content\/uploads\/2019\/02\/chor_kuria_archidiecezjalna_2.jpg 1024w\" sizes=\"(max-width: 300px) 100vw, 300px\" \/><\/a> <a href=\"https:\/\/www.wroblewski.krakow.pl\/wp-content\/uploads\/2019\/02\/chor_kuria_archidiecezjalna_4.jpg\"><img decoding=\"async\" loading=\"lazy\" width=\"300\" height=\"200\" class=\"alignleft size-medium wp-image-7665\" alt=\"chor_kuria_archidiecezjalna_4\" src=\"https:\/\/www.wroblewski.krakow.pl\/wp-content\/uploads\/2019\/02\/chor_kuria_archidiecezjalna_4-300x200.jpg\" srcset=\"https:\/\/www.wroblewski.krakow.pl\/wp-content\/uploads\/2019\/02\/chor_kuria_archidiecezjalna_4-300x200.jpg 300w, https:\/\/www.wroblewski.krakow.pl\/wp-content\/uploads\/2019\/02\/chor_kuria_archidiecezjalna_4.jpg 1024w\" sizes=\"(max-width: 300px) 100vw, 300px\" \/><\/a> <a href=\"https:\/\/www.wroblewski.krakow.pl\/wp-content\/uploads\/2019\/02\/chor_kuria_archidiecezjalna_5.jpg\"><img decoding=\"async\" loading=\"lazy\" width=\"300\" height=\"200\" class=\"alignleft size-medium wp-image-7666\" alt=\"chor_kuria_archidiecezjalna_5\" src=\"https:\/\/www.wroblewski.krakow.pl\/wp-content\/uploads\/2019\/02\/chor_kuria_archidiecezjalna_5-300x200.jpg\" srcset=\"https:\/\/www.wroblewski.krakow.pl\/wp-content\/uploads\/2019\/02\/chor_kuria_archidiecezjalna_5-300x200.jpg 300w, https:\/\/www.wroblewski.krakow.pl\/wp-content\/uploads\/2019\/02\/chor_kuria_archidiecezjalna_5.jpg 1024w\" sizes=\"(max-width: 300px) 100vw, 300px\" \/><\/a><\/p>\n","protected":false},"excerpt":{"rendered":"<p>Dnia 31 stycznia 2019 roku w Pa\u0142acu Arcybiskup\u00f3w Krakowskich przy ul. Franciszka\u0144skiej 3 odby\u0142o si\u0119 spotkanie op\u0142atkowe krakowskich \u015brodowisk sportowych. Na zaproszenie Ks. \u0141ukasza Nizio, kapelana \u015brodowisk sportowych, wydarzenie to u\u015bwietni\u0142 wyst\u0119p Ch\u00f3ru IX Liceum pod batut\u0105 Pana mgr in\u017c. Piotra Kmiecika. Akompaniowa\u0142 Pan Tomasz \u015alusarczyk, absolwent Akademii Muzycznej w Krakowie. Spotkaniu przewodniczy\u0142 Ks. Infu\u0142at Bronis\u0142aw Fidelus, kt\u00f3ry m\u00f3wi\u0142 o zdrowej rywalizacji w sporcie i wzajemnym szacunku. W s\u0142ynnej sali, z kt\u00f3rej \u015aw. Jan Pawe\u0142 II wielokrotnie wychodzi\u0142 do okna by rozmawia\u0107 z m\u0142odzie\u017c\u0105 zgromadzon\u0105 podczas jego pielgrzymek na ul. Franciszka\u0144skiej, Ch\u00f3r IX LO wykona\u0142 wiele pi\u0119knych kol\u0119d. Jest to [&hellip;]<\/p>\n","protected":false},"author":2,"featured_media":7667,"comment_status":"closed","ping_status":"closed","sticky":false,"template":"","format":"standard","meta":[],"categories":[1],"tags":[],"_links":{"self":[{"href":"https:\/\/www.wroblewski.krakow.pl\/index.php?rest_route=\/wp\/v2\/posts\/7662"}],"collection":[{"href":"https:\/\/www.wroblewski.krakow.pl\/index.php?rest_route=\/wp\/v2\/posts"}],"about":[{"href":"https:\/\/www.wroblewski.krakow.pl\/index.php?rest_route=\/wp\/v2\/types\/post"}],"author":[{"embeddable":true,"href":"https:\/\/www.wroblewski.krakow.pl\/index.php?rest_route=\/wp\/v2\/users\/2"}],"replies":[{"embeddable":true,"href":"https:\/\/www.wroblewski.krakow.pl\/index.php?rest_route=%2Fwp%2Fv2%2Fcomments&post=7662"}],"version-history":[{"count":4,"href":"https:\/\/www.wroblewski.krakow.pl\/index.php?rest_route=\/wp\/v2\/posts\/7662\/revisions"}],"predecessor-version":[{"id":7676,"href":"https:\/\/www.wroblewski.krakow.pl\/index.php?rest_route=\/wp\/v2\/posts\/7662\/revisions\/7676"}],"wp:featuredmedia":[{"embeddable":true,"href":"https:\/\/www.wroblewski.krakow.pl\/index.php?rest_route=\/wp\/v2\/media\/7667"}],"wp:attachment":[{"href":"https:\/\/www.wroblewski.krakow.pl\/index.php?rest_route=%2Fwp%2Fv2%2Fmedia&parent=7662"}],"wp:term":[{"taxonomy":"category","embeddable":true,"href":"https:\/\/www.wroblewski.krakow.pl\/index.php?rest_route=%2Fwp%2Fv2%2Fcategories&post=7662"},{"taxonomy":"post_tag","embeddable":true,"href":"https:\/\/www.wroblewski.krakow.pl\/index.php?rest_route=%2Fwp%2Fv2%2Ftags&post=7662"}],"curies":[{"name":"wp","href":"https:\/\/api.w.org\/{rel}","templated":true}]}}