{"id":8014,"date":"2019-02-27T18:48:28","date_gmt":"2019-02-27T17:48:28","guid":{"rendered":"https:\/\/www.wroblewski.krakow.pl\/?p=8014"},"modified":"2019-02-28T09:03:19","modified_gmt":"2019-02-28T08:03:19","slug":"uczniowie-klasy-1a-wzieli-udzial-w-miedzynarodowym-konkursie-mathematiques-sans-frontieres-matematyka-bez-granic","status":"publish","type":"post","link":"https:\/\/www.wroblewski.krakow.pl\/?p=8014","title":{"rendered":"Uczniowie klasy 1a wzi\u0119li udzia\u0142 w Mi\u0119dzynarodowym konkursie \u201eMath\u00e9matiques Sans Fronti\u00e8res\u201d \u2013 \u201eMatematyka bez granic\u201d"},"content":{"rendered":"<p style=\"text-align: justify;\">Dnia 26 lutego 2019 roku <b>uczniowie klasy 1a<\/b> wzi\u0119li udzia\u0142 w XXX edycji mi\u0119dzynarodowego konkursu <i>Matematyka bez granic<\/i> (fr. <i>Math\u00e9matiques Sans Fronti\u00e8res<\/i>). Obecnie uczestniczy w nim m\u0142odzie\u017c z wszystkich kraj\u00f3w Unii Europejskiej oraz Stan\u00f3w Zjednoczonych, Kanady, Meksyku. Konkurs ma niespotykan\u0105 form\u0119, gdy\u017c startuj\u0105 w nim ca\u0142e klasy.<\/p>\n<p style=\"text-align: justify;\"><strong>Reprezentanci \u201eWr\u00f3blewskiego\u201d<\/strong><strong> <\/strong>zmierzyli si\u0119 z 13 zadaniami, z czego tre\u015b\u0107 jednego by\u0142a podana w j\u0119zyku angielskim. Opr\u00f3cz zdolno\u015bci matematycznych uczestnicy musieli wykaza\u0107 si\u0119 umiej\u0119tno\u015bci\u0105 wsp\u00f3\u0142pracy i podzia\u0142u zada\u0144 w grupie, pomys\u0142owo\u015bci\u0105, zdolno\u015bciami j\u0119zykowymi oraz plastycznymi. Podsumowanie wynik\u00f3w odb\u0119dzie si\u0119 na prze\u0142omie maja i czerwca.<\/p>\n<p style=\"text-align: justify;\">Wszystkim Uczestnikom \u017cyczymy dalszych sukces\u00f3w!<\/p>\n<p align=\"right\"><i>Krak\u00f3w, 27.02.2019 r., mgr Ewa Skibi\u0144ska \u2013 szkolny koordynator konkursu<\/i><\/p>\n","protected":false},"excerpt":{"rendered":"<p>Dnia 26 lutego 2019 roku uczniowie klasy 1a wzi\u0119li udzia\u0142 w XXX edycji mi\u0119dzynarodowego konkursu Matematyka bez granic (fr. Math\u00e9matiques Sans Fronti\u00e8res). Obecnie uczestniczy w nim m\u0142odzie\u017c z wszystkich kraj\u00f3w Unii Europejskiej oraz Stan\u00f3w Zjednoczonych, Kanady, Meksyku. Konkurs ma niespotykan\u0105 form\u0119, gdy\u017c startuj\u0105 w nim ca\u0142e klasy. Reprezentanci \u201eWr\u00f3blewskiego\u201d zmierzyli si\u0119 z 13 zadaniami, z czego tre\u015b\u0107 jednego by\u0142a podana w j\u0119zyku angielskim. Opr\u00f3cz zdolno\u015bci matematycznych uczestnicy musieli wykaza\u0107 si\u0119 umiej\u0119tno\u015bci\u0105 wsp\u00f3\u0142pracy i podzia\u0142u zada\u0144 w grupie, pomys\u0142owo\u015bci\u0105, zdolno\u015bciami j\u0119zykowymi oraz plastycznymi. Podsumowanie wynik\u00f3w odb\u0119dzie si\u0119 na prze\u0142omie maja i czerwca. Wszystkim Uczestnikom \u017cyczymy dalszych sukces\u00f3w! Krak\u00f3w, 27.02.2019 r., mgr [&hellip;]<\/p>\n","protected":false},"author":2,"featured_media":6781,"comment_status":"closed","ping_status":"closed","sticky":false,"template":"","format":"standard","meta":[],"categories":[1],"tags":[],"_links":{"self":[{"href":"https:\/\/www.wroblewski.krakow.pl\/index.php?rest_route=\/wp\/v2\/posts\/8014"}],"collection":[{"href":"https:\/\/www.wroblewski.krakow.pl\/index.php?rest_route=\/wp\/v2\/posts"}],"about":[{"href":"https:\/\/www.wroblewski.krakow.pl\/index.php?rest_route=\/wp\/v2\/types\/post"}],"author":[{"embeddable":true,"href":"https:\/\/www.wroblewski.krakow.pl\/index.php?rest_route=\/wp\/v2\/users\/2"}],"replies":[{"embeddable":true,"href":"https:\/\/www.wroblewski.krakow.pl\/index.php?rest_route=%2Fwp%2Fv2%2Fcomments&post=8014"}],"version-history":[{"count":5,"href":"https:\/\/www.wroblewski.krakow.pl\/index.php?rest_route=\/wp\/v2\/posts\/8014\/revisions"}],"predecessor-version":[{"id":8026,"href":"https:\/\/www.wroblewski.krakow.pl\/index.php?rest_route=\/wp\/v2\/posts\/8014\/revisions\/8026"}],"wp:featuredmedia":[{"embeddable":true,"href":"https:\/\/www.wroblewski.krakow.pl\/index.php?rest_route=\/wp\/v2\/media\/6781"}],"wp:attachment":[{"href":"https:\/\/www.wroblewski.krakow.pl\/index.php?rest_route=%2Fwp%2Fv2%2Fmedia&parent=8014"}],"wp:term":[{"taxonomy":"category","embeddable":true,"href":"https:\/\/www.wroblewski.krakow.pl\/index.php?rest_route=%2Fwp%2Fv2%2Fcategories&post=8014"},{"taxonomy":"post_tag","embeddable":true,"href":"https:\/\/www.wroblewski.krakow.pl\/index.php?rest_route=%2Fwp%2Fv2%2Ftags&post=8014"}],"curies":[{"name":"wp","href":"https:\/\/api.w.org\/{rel}","templated":true}]}}