{"id":8050,"date":"2019-03-03T19:48:22","date_gmt":"2019-03-03T18:48:22","guid":{"rendered":"https:\/\/www.wroblewski.krakow.pl\/?p=8050"},"modified":"2019-03-05T09:43:02","modified_gmt":"2019-03-05T08:43:02","slug":"ix-liceum-w-miedzynarodowym-projekcie-polskie-rodziny-w-teatrze-zycia","status":"publish","type":"post","link":"https:\/\/www.wroblewski.krakow.pl\/?p=8050","title":{"rendered":"IX Liceum w mi\u0119dzynarodowym projekcie \u201ePolskie rodziny w teatrze \u017cycia\u201d"},"content":{"rendered":"<p style=\"text-align: justify;\">W dniach od 23 lutego do 02 marca 2019 roku, <b>Uczniowie \u201eWr\u00f3blewskiego\u201d<\/b> z opiekunem <b>Pani\u0105 mgr Joann\u0105 Gawlas<\/b> oraz m\u0142odzie\u017c\u0105 polonijn\u0105 ze Zwi\u0105zku Polak\u00f3w na Ukrainie Oddzia\u0142 w Korosteniu z opiekunem Pani\u0105 Wiktori\u0105 Laskowsk\u0105-Szczur uczestniczyli w mi\u0119dzynarodowym projekcie <i><a href=\"http:\/\/www.krzyzowa.org.pl\/pl\/dzialalnosc\/pozyskiwanie-funduszy\/aktualnosci-air\/945-w-teatrze-zycia-w-krzyzowej-krzyzowa-9-16-listopada-2020\">Polskie rodziny w teatrze \u017cycia<\/a><\/i>.<\/p>\n<p style=\"text-align: justify;\">Projekt by\u0142 realizowany w Fundacji Krzy\u017cowa dla Porozumienia Europejskiego, zosta\u0142 wsp\u00f3\u0142finansowany przez polskie Ministerstwo Edukacji Narodowej. Celem przedsi\u0119wzi\u0119cia by\u0142o rozwijanie \u015bwiadomo\u015bci historycznej uczestnik\u00f3w z wykorzystaniem interaktywnych metod pracy, a tak\u017ce uruchomienie dialogu mi\u0119dzypokoleniowego w rodzinach poprzez zach\u0119cenie uczestnik\u00f3w do nawi\u0105zywania wzajemnych relacji i poznawania historii poszczeg\u00f3lnych rodzin. Zadaniem uczestnik\u00f3w projektu by\u0142o przeprowadzenie rozm\u00f3w z rodzicami, dziadkami, pradziadkami, innymi krewnym \u2013 zebranie informacji, ciekawostek zwi\u0105zanych z w\u0142asn\u0105 rodzin\u0105 \u2013 nadrz\u0119dnym celem by\u0142o poznanie \u017cycia codziennego w okresie mi\u0119dzy II RP a przemianami ko\u0144ca lat 80.<\/p>\n<p style=\"text-align: justify;\">M\u0142odzie\u017c z Polski i Ukrainy ch\u0119tnie dzieli\u0142a si\u0119 historiami rodzinnymi, na podstawie kt\u00f3rych w trakcie projektu by\u0142y tworzone etiudy (uczestnicy odkrywali ich g\u0142\u0119bokie znaczenie utwor\u00f3w i dostrzegali powi\u0105zania). Dla grupy polonijnej z Korostenia by\u0142a to doskona\u0142a mo\u017cliwo\u015b\u0107 rozwijania umiej\u0119tno\u015bci pos\u0142ugiwania si\u0119 j\u0119zykiem polskim. Koordynator projektu \u2013 Pan Daniel Body\u0142 prowadzi\u0142 z grup\u0105 warsztaty dramowe i animacyjne, z zastosowaniem, m.in. \u0107wicze\u0144 z chodzeniem w r\u00f3\u017cnych ods\u0142onach, \u201ekrawaty\u201d, \u201ekolumbijska hipnoza\u201d, \u201elustro\u201d, wysy\u0142anie kla\u015bni\u0119cia, kontakt wzrokowy i zamiana miejsc. Praca nad projektem sta\u0142a si\u0119 mo\u017cliwo\u015bci\u0105 do rozwijania umiej\u0119tno\u015bci kluczowych m.in. odpowiedzialno\u015bci za zadania, do kt\u00f3rych si\u0119 zobowi\u0105zali uczestnicy, s\u0142uchania innych ze zrozumieniem, otwarto\u015bci na podejmowanie ryzyka, dba\u0142o\u015b\u0107 o relacje w zespole.<\/p>\n<p style=\"text-align: justify;\">Wieczory sp\u0119dzone na terenie o\u015brodka Fundacji Krzy\u017cowa by\u0142y doskona\u0142\u0105 okazj\u0105 do integracji m\u0142odzie\u017cy. Wsp\u00f3lna gra w siatk\u00f3wk\u0119, ta\u0144ce, \u015bpiew oraz gry planszowe, to aktywno\u015bci, dzi\u0119ki kt\u00f3rym uczniowie zbli\u017cyli si\u0119 do siebie. W trakcie rozm\u00f3w, w duchu tolerancji i harmonii, wymieniali w\u0142asne do\u015bwiadczenia. Jednym z punkt\u00f3w programu, a zarazem odpoczynkiem od warsztat\u00f3w, by\u0142a wycieczka do Wroc\u0142awia, podczas kt\u00f3rej uczestnicy zwiedzali Panoram\u0119 Rac\u0142awick\u0105 oraz poznawali z przewodnikiem zabytki Wroc\u0142awia.<\/p>\n<p style=\"text-align: justify;\">Efekty pracy m\u0142odych ludzi mo\u017cna by\u0142o zobaczy\u0107 podczas spektaklu, kt\u00f3ry uczestnicy zaprezentowali w Krzy\u017cowej w dniu 01 marca 2019 roku, pod okiem Pani re\u017cyser &#8211; Natalii Nikolskiej.\u00a0 W tym dniu odwiedzi\u0142a nas r\u00f3wnie\u017c Pani redaktor Gra\u017cyna Or\u0142owska-Sondej, kt\u00f3ra przeprowadzi\u0142a rozmowy z uczestnikami programu. Ekipa telewizyjna programu telewizyjnego TVP Wroc\u0142aw-\u201eWsch\u00f3d\u201d nakr\u0119ci\u0142a spektakl przygotowany przez uczestnik\u00f3w projektu, a reporta\u017c przygotowany przez Pani\u0105 redaktor, zostanie niebawem pokazany w telewizji TVP Polonia.<\/p>\n<p style=\"text-align: justify;\">Koordynator projektu grupy polonijnej, a zarazem prezes \u017bytomierskiego Obwodowego Zwi\u0105zku Polak\u00f3w na Ukrainie, Pani Wiktoria Laskowska-Szczur, podkre\u015bli\u0142a rang\u0119 realizowanego projektu, s\u0142owami: <em>\u201eHistoria nie opiera si\u0119 tylko na znajomo\u015bci wydarze\u0144 z\u00a0dziej\u00f3w og\u00f3lnych, powszechnie nauczanych w\u00a0szko\u0142ach czy z medi\u00f3w. Tak naprawd\u0119, historia zaczyna si\u0119 w\u00a0naszych rodzinach. Niestety, najcz\u0119\u015bciej wiemy o\u00a0nich bardzo niewiele. Dla tego dla nas, Polak\u00f3w mieszkaj\u0105cych na Ukrainie, priorytetem jest zachowanie historii polskich rodzin, kt\u00f3re odzwierciedlaj\u0105 histori\u0119 polskiego narodu<\/em>\u201d.<\/p>\n<p style=\"text-align: justify;\">Projekt zosta\u0142 dofinansowany przez Ministerstwo Edukacji Narodowej w ramach zadania publicznego: &#8222;Rodzina polonijna. Wsp\u00f3\u0142praca szk\u00f3\u0142 funkcjonuj\u0105cych w systemach o\u015bwiaty innych pa\u0144stw oraz organizacji spo\u0142ecznych za granic\u0105 prowadz\u0105cych nauczanie j\u0119zyka polskiego, historii, geografii, kultury polskiej oraz innych przedmiot\u00f3w nauczanych w j\u0119zyku polskim ze szko\u0142ami w Polsce&#8221;<b>.<\/b><\/p>\n<p style=\"text-align: right;\"><em>Krak\u00f3w, 03.03.2019 r., mgr Joanna Gawlas, koordynatorka projektu w IX Liceum<br \/>\n<\/em><\/p>\n<p style=\"text-align: left;\"><a href=\"https:\/\/www.wroblewski.krakow.pl\/?gallery=miedzynarodowy-projekt-polskie-rodziny-w-teatrze-zycia-23-02-02-03-2019-r\">FOTOGALERIA &gt;&gt;&gt;&gt;<\/a><\/p>\n","protected":false},"excerpt":{"rendered":"<p>W dniach od 23 lutego do 02 marca 2019 roku, Uczniowie \u201eWr\u00f3blewskiego\u201d z opiekunem Pani\u0105 mgr Joann\u0105 Gawlas oraz m\u0142odzie\u017c\u0105 polonijn\u0105 ze Zwi\u0105zku Polak\u00f3w na Ukrainie Oddzia\u0142 w Korosteniu z opiekunem Pani\u0105 Wiktori\u0105 Laskowsk\u0105-Szczur uczestniczyli w mi\u0119dzynarodowym projekcie Polskie rodziny w teatrze \u017cycia. Projekt by\u0142 realizowany w Fundacji Krzy\u017cowa dla Porozumienia Europejskiego, zosta\u0142 wsp\u00f3\u0142finansowany przez polskie Ministerstwo Edukacji Narodowej. Celem przedsi\u0119wzi\u0119cia by\u0142o rozwijanie \u015bwiadomo\u015bci historycznej uczestnik\u00f3w z wykorzystaniem interaktywnych metod pracy, a tak\u017ce uruchomienie dialogu mi\u0119dzypokoleniowego w rodzinach poprzez zach\u0119cenie uczestnik\u00f3w do nawi\u0105zywania wzajemnych relacji i poznawania historii poszczeg\u00f3lnych rodzin. Zadaniem uczestnik\u00f3w projektu by\u0142o przeprowadzenie rozm\u00f3w z rodzicami, dziadkami, pradziadkami, [&hellip;]<\/p>\n","protected":false},"author":2,"featured_media":8078,"comment_status":"closed","ping_status":"closed","sticky":false,"template":"","format":"standard","meta":[],"categories":[1],"tags":[],"_links":{"self":[{"href":"https:\/\/www.wroblewski.krakow.pl\/index.php?rest_route=\/wp\/v2\/posts\/8050"}],"collection":[{"href":"https:\/\/www.wroblewski.krakow.pl\/index.php?rest_route=\/wp\/v2\/posts"}],"about":[{"href":"https:\/\/www.wroblewski.krakow.pl\/index.php?rest_route=\/wp\/v2\/types\/post"}],"author":[{"embeddable":true,"href":"https:\/\/www.wroblewski.krakow.pl\/index.php?rest_route=\/wp\/v2\/users\/2"}],"replies":[{"embeddable":true,"href":"https:\/\/www.wroblewski.krakow.pl\/index.php?rest_route=%2Fwp%2Fv2%2Fcomments&post=8050"}],"version-history":[{"count":7,"href":"https:\/\/www.wroblewski.krakow.pl\/index.php?rest_route=\/wp\/v2\/posts\/8050\/revisions"}],"predecessor-version":[{"id":8150,"href":"https:\/\/www.wroblewski.krakow.pl\/index.php?rest_route=\/wp\/v2\/posts\/8050\/revisions\/8150"}],"wp:featuredmedia":[{"embeddable":true,"href":"https:\/\/www.wroblewski.krakow.pl\/index.php?rest_route=\/wp\/v2\/media\/8078"}],"wp:attachment":[{"href":"https:\/\/www.wroblewski.krakow.pl\/index.php?rest_route=%2Fwp%2Fv2%2Fmedia&parent=8050"}],"wp:term":[{"taxonomy":"category","embeddable":true,"href":"https:\/\/www.wroblewski.krakow.pl\/index.php?rest_route=%2Fwp%2Fv2%2Fcategories&post=8050"},{"taxonomy":"post_tag","embeddable":true,"href":"https:\/\/www.wroblewski.krakow.pl\/index.php?rest_route=%2Fwp%2Fv2%2Ftags&post=8050"}],"curies":[{"name":"wp","href":"https:\/\/api.w.org\/{rel}","templated":true}]}}