{"id":8092,"date":"2019-03-04T20:37:28","date_gmt":"2019-03-04T19:37:28","guid":{"rendered":"https:\/\/www.wroblewski.krakow.pl\/?p=8092"},"modified":"2019-03-05T08:17:27","modified_gmt":"2019-03-05T07:17:27","slug":"warsztaty-interpretacji-zagadnien-prawnych-spotkanie-z-panem-tomaszem-szelagiem","status":"publish","type":"post","link":"https:\/\/www.wroblewski.krakow.pl\/?p=8092","title":{"rendered":"Warsztaty interpretacji zagadnie\u0144 prawnych"},"content":{"rendered":"<p style=\"text-align: justify;\">Na prze\u0142omie lutego i marca 2019 roku w naszej szkole zaplanowano <b>dla klas z rozszerzonym programem nauczania wiedzy o spo\u0142ecze\u0144stwie<\/b> <strong>cykl spotka\u0144 z prawnikiem Panem Tomaszem Szel\u0105giem<\/strong>, aplikantem radcowskim. Do tej pory odby\u0142y si\u0119 dwa spotkania z uczniami klas drugich dotycz\u0105ce wst\u0119pu do prawa. Liceali\u015bci, w spos\u00f3b nie tylko teoretyczny, ale i praktyczny, zostali zapoznani z podstawowymi zagadnieniami z prawa cywilnego, karnego i administracyjnego.<\/p>\n<p style=\"text-align: justify;\">W dniu 7 marca 2019 roku b\u0119dzie mia\u0142o miejsce kolejne spotkanie z tego cyklu, w kt\u00f3rym udzia\u0142 wezm\u0105 <b>uczniowie klasy 1d<\/b>, dotycz\u0105ce odpowiedzialno\u015bci nieletnich wobec prawa. Natomiast w trzecim tygodniu marca zaplanowano lekcje z klasami trzecimi dotycz\u0105ce prawa konstytucyjnego.<\/p>\n<p style=\"text-align: justify;\">Spotkanie zorganizowa\u0142a <b>Pani mgr Ma\u0142gorzata Nowakowska-Murzyn<\/b>, <b>nauczycielka wiedzy o spo\u0142ecze\u0144stwie i historii<\/b>. Uczniowie uznali warsztaty za ciekawe i prezentuj\u0105ce najwa\u017cniejsze zagadnienia prawne \u2013 o czym \u015bwiadczy kr\u00f3tka recenzja zaj\u0119\u0107 napisana przez <b>uczni\u00f3w klasy 2d<\/b>: \u201eJako klasa z rozszerzonym WOS-em z zaciekawieniem s\u0142uchali\u015bmy tego, co nasz go\u015b\u0107 mia\u0142 nam do przekazania. Rozpocz\u0119li\u015bmy od podstawowych poj\u0119\u0107 z s\u0105downictwa, przypomnieli\u015bmy sobie jak wygl\u0105da rozk\u0142ad sali s\u0105dowej oraz kto i gdzie na niej zasiada. P\u00f3\u017aniej om\u00f3wili\u015bmy, jak odbywa si\u0119 droga apelacji od wyrok\u00f3w s\u0105dowych w naszym pa\u0144stwie. Poznali\u015bmy r\u00f3\u017cnice mi\u0119dzy norm\u0105 prawn\u0105, a przepisem prawnym. Dowiedzieli\u015bmy si\u0119 z czego sk\u0142ada si\u0119 norma prawna.\u00a0Nast\u0119pnie przeszli\u015bmy do zagadnie\u0144 z zakresu prawa karnego. Dowiedzieli\u015bmy si\u0119 kto i jak oraz od jakiego wieku odpowiada karnie. Nasza klasa mia\u0142a kilka pyta\u0144 w zwi\u0105zku z omawianymi zagadnieniami. Ch\u0119tnie bra\u0142a udzia\u0142 w dyskusji i z zaciekawieniem s\u0142ucha\u0142a odpowiedzi radcy prawnego i jego porad odno\u015bnie interpretacji prawa. Zaj\u0119cia warsztatowe by\u0142y bardzo interesuj\u0105ce. Wiedza praktyczna jest wa\u017cna i my\u015blimy, \u017ce du\u017co \u0142atwiej b\u0119dzie nam teraz pracowa\u0107 na lekcji z wiedz\u0105, jak\u0105 zdobyli\u015bmy\u201d.<\/p>\n<p align=\"right\"><i>Krak\u00f3w, 04.03.2019 r., mgr Ma\u0142gorzata Nowakowska-Murzyn, uczniowie klasy 2d<\/i><\/p>\n","protected":false},"excerpt":{"rendered":"<p>Na prze\u0142omie lutego i marca 2019 roku w naszej szkole zaplanowano dla klas z rozszerzonym programem nauczania wiedzy o spo\u0142ecze\u0144stwie cykl spotka\u0144 z prawnikiem Panem Tomaszem Szel\u0105giem, aplikantem radcowskim. Do tej pory odby\u0142y si\u0119 dwa spotkania z uczniami klas drugich dotycz\u0105ce wst\u0119pu do prawa. Liceali\u015bci, w spos\u00f3b nie tylko teoretyczny, ale i praktyczny, zostali zapoznani z podstawowymi zagadnieniami z prawa cywilnego, karnego i administracyjnego. W dniu 7 marca 2019 roku b\u0119dzie mia\u0142o miejsce kolejne spotkanie z tego cyklu, w kt\u00f3rym udzia\u0142 wezm\u0105 uczniowie klasy 1d, dotycz\u0105ce odpowiedzialno\u015bci nieletnich wobec prawa. Natomiast w trzecim tygodniu marca zaplanowano lekcje z klasami trzecimi [&hellip;]<\/p>\n","protected":false},"author":2,"featured_media":8093,"comment_status":"closed","ping_status":"closed","sticky":false,"template":"","format":"standard","meta":[],"categories":[1],"tags":[],"_links":{"self":[{"href":"https:\/\/www.wroblewski.krakow.pl\/index.php?rest_route=\/wp\/v2\/posts\/8092"}],"collection":[{"href":"https:\/\/www.wroblewski.krakow.pl\/index.php?rest_route=\/wp\/v2\/posts"}],"about":[{"href":"https:\/\/www.wroblewski.krakow.pl\/index.php?rest_route=\/wp\/v2\/types\/post"}],"author":[{"embeddable":true,"href":"https:\/\/www.wroblewski.krakow.pl\/index.php?rest_route=\/wp\/v2\/users\/2"}],"replies":[{"embeddable":true,"href":"https:\/\/www.wroblewski.krakow.pl\/index.php?rest_route=%2Fwp%2Fv2%2Fcomments&post=8092"}],"version-history":[{"count":4,"href":"https:\/\/www.wroblewski.krakow.pl\/index.php?rest_route=\/wp\/v2\/posts\/8092\/revisions"}],"predecessor-version":[{"id":8140,"href":"https:\/\/www.wroblewski.krakow.pl\/index.php?rest_route=\/wp\/v2\/posts\/8092\/revisions\/8140"}],"wp:featuredmedia":[{"embeddable":true,"href":"https:\/\/www.wroblewski.krakow.pl\/index.php?rest_route=\/wp\/v2\/media\/8093"}],"wp:attachment":[{"href":"https:\/\/www.wroblewski.krakow.pl\/index.php?rest_route=%2Fwp%2Fv2%2Fmedia&parent=8092"}],"wp:term":[{"taxonomy":"category","embeddable":true,"href":"https:\/\/www.wroblewski.krakow.pl\/index.php?rest_route=%2Fwp%2Fv2%2Fcategories&post=8092"},{"taxonomy":"post_tag","embeddable":true,"href":"https:\/\/www.wroblewski.krakow.pl\/index.php?rest_route=%2Fwp%2Fv2%2Ftags&post=8092"}],"curies":[{"name":"wp","href":"https:\/\/api.w.org\/{rel}","templated":true}]}}